{"id":9681,"date":"2024-06-04T18:55:30","date_gmt":"2024-06-04T16:55:30","guid":{"rendered":"https:\/\/investiga.puenteromano.net\/?p=9681"},"modified":"2024-06-04T18:55:31","modified_gmt":"2024-06-04T16:55:31","slug":"el-golondrosu","status":"publish","type":"post","link":"https:\/\/investiga.puenteromano.net\/index.php\/2024\/06\/04\/el-golondrosu\/","title":{"rendered":"El Golondrosu"},"content":{"rendered":"\n<ul class=\"wp-block-list\">\n<li><strong>Recurso<\/strong>: Tramo del r\u00edo conocido como El Golondrosu\u00a0\u00a0 <\/li>\n\n\n\n<li><strong>Localizaci\u00f3n<\/strong>: Contranquil, Cangas de Onis<\/li>\n\n\n\n<li><strong>Profesor<\/strong>: Gonzalo Barrena Diez\u00a0\u00a0\u00a0\u00a0\u00a0\u00a0\u00a0\u00a0\u00a0\u00a0\u00a0\u00a0\u00a0\u00a0\u00a0\u00a0\u00a0\u00a0\u00a0\u00a0\u00a0\u00a0\u00a0\u00a0\u00a0\u00a0\u00a0\u00a0\u00a0\u00a0\u00a0\u00a0\u00a0\u00a0\u00a0\u00a0\u00a0\u00a0\u00a0\u00a0\u00a0\u00a0\u00a0\u00a0<\/li>\n\n\n\n<li> <strong>Centro<\/strong>: I.E.S Rey Pelayo<\/li>\n\n\n\n<li><strong>Alumna<\/strong>: Laura Rojo\u00a0\u00a0\u00a0\u00a0\u00a0\u00a0\u00a0\u00a0\u00a0\u00a0\u00a0\u00a0\u00a0\u00a0\u00a0\u00a0\u00a0\u00a0\u00a0\u00a0\u00a0\u00a0\u00a0\u00a0\u00a0\u00a0\u00a0\u00a0\u00a0\u00a0\u00a0\u00a0\u00a0\u00a0\u00a0\u00a0\u00a0\u00a0\u00a0\u00a0\u00a0\u00a0\u00a0\u00a0\u00a0\u00a0\u00a0\u00a0\u00a0\u00a0\u00a0\u00a0\u00a0\u00a0\u00a0\u00a0\u00a0\u00a0\u00a0\u00a0\u00a0\u00a0\u00a0\u00a0\u00a0\u00a0\u00a0\u00a0\u00a0 <\/li>\n\n\n\n<li><strong>Materia<\/strong>\/grupo: Filosof\u00eda, 1\u00ba Ciencias<\/li>\n\n\n\n<li><strong>Nombre<\/strong>: El Golondrosu\u00a0\u00a0\u00a0 <\/li>\n\n\n\n<li><strong>Qu\u00e9 es:<\/strong> tramo del r\u00edo Sella<\/li>\n\n\n\n<li><strong>Concejo<\/strong>: Cangas de Onis<\/li>\n\n\n\n<li><strong>Parroquia<\/strong>: Cangas de Onis\u00a0\u00a0\u00a0\u00a0\u00a0\u00a0\u00a0<\/li>\n\n\n\n<li><strong>Lugar<\/strong>: Contranquil, Cangas de Onis <\/li>\n\n\n\n<li><strong>Estado<\/strong>: Bueno, en uso. P\u00fablico.<\/li>\n\n\n\n<li><strong>Acceso<\/strong>: a pie<\/li>\n<\/ul>\n\n\n\n<p><strong>Laura Rojo. <\/strong>El Golondrosu, es, en mi opini\u00f3n, uno de los lugares m\u00e1s desapercibidos e interesantes del paso del r\u00edo Sella por Cangas de On\u00eds.<\/p>\n\n\n\n<p>Este peque\u00f1o tramo del r\u00edo Sella es uno de los m\u00e1s peligrosos rabiones que se encuentra el Sella a su paso por el concejo, convirti\u00e9ndolo de esta manera en uno de los tramos m\u00e1s espectaculares a la hora de enfrentarse a \u00e9l en canoa. Y es que este tramo, a simple vista peque\u00f1o, tiene varios usos desde hace muchos a\u00f1os atr\u00e1s; adem\u00e1s de ser un punto de encuentro entre los m\u00e1s j\u00f3venes durante todo el a\u00f1o, en \u00e9poca de pesca es uno de los mejores cotos con los que cuenta Cangas de On\u00eds. Es de los m\u00e1s demandados por el movimiento de las aguas, y por lo tanto, de los peces.<\/p>\n\n\n\n<p>En los descensos en piragua o canoa, es uno de los puntos que crea mayor incertidumbre para los palistas, como ocurre en la prueba deportiva \u201cDescenso del Alto Sella\u201d, que lleva 52 a\u00f1os celebr\u00e1ndose y que cada a\u00f1o supone un reto para todos los participantes.<\/p>\n\n\n\n<p>Actualmente, el tramo cuenta con una peque\u00f1a \u201cpasarela\u201d de metal, facilitando el paso de un lado al otro de la ribera del r\u00edo Sella para poder disfrutar de la pesca, y como no, de un buen rato en compa\u00f1\u00eda de amigos en \u00e9poca de verano o para poder observar a los pirag\u00fcistas por este paso tan peculiar.<\/p>\n\n\n\n<p>Personalmente, me encanta el sitio porque desde peque\u00f1a pase mucho tiempo all\u00ed durante la \u00e9poca de pesca, con mi abuelo, y me trae muy buenos recuerdos, adem\u00e1s de que todos los a\u00f1os, en verano, siempre voy con las amigas a tomar el sol y disfrutar de ese peque\u00f1o trozo de naturaleza.<\/p>\n","protected":false},"excerpt":{"rendered":"<p>Laura Rojo. El Golondrosu, es, en mi opini\u00f3n, uno de los lugares m\u00e1s desapercibidos e interesantes del paso del r\u00edo Sella por Cangas de On\u00eds. Este peque\u00f1o tramo del r\u00edo Sella es uno de los m\u00e1s peligrosos rabiones que se encuentra el Sella a su paso por el concejo, convirti\u00e9ndolo de esta manera en uno [&hellip;]<\/p>\n","protected":false},"author":1,"featured_media":9683,"comment_status":"closed","ping_status":"closed","sticky":false,"template":"","format":"standard","meta":{"_et_pb_use_builder":"off","_et_pb_old_content":"","_et_gb_content_width":"","footnotes":""},"categories":[46,11,13,61],"tags":[51],"class_list":["post-9681","post","type-post","status-publish","format-standard","has-post-thumbnail","hentry","category-hojas-de-registro","category-lugares","category-paisaje","category-proyectos-2023-2024","tag-hoja-de-registro-patrimonial-2"],"_links":{"self":[{"href":"https:\/\/investiga.puenteromano.net\/index.php\/wp-json\/wp\/v2\/posts\/9681","targetHints":{"allow":["GET"]}}],"collection":[{"href":"https:\/\/investiga.puenteromano.net\/index.php\/wp-json\/wp\/v2\/posts"}],"about":[{"href":"https:\/\/investiga.puenteromano.net\/index.php\/wp-json\/wp\/v2\/types\/post"}],"author":[{"embeddable":true,"href":"https:\/\/investiga.puenteromano.net\/index.php\/wp-json\/wp\/v2\/users\/1"}],"replies":[{"embeddable":true,"href":"https:\/\/investiga.puenteromano.net\/index.php\/wp-json\/wp\/v2\/comments?post=9681"}],"version-history":[{"count":3,"href":"https:\/\/investiga.puenteromano.net\/index.php\/wp-json\/wp\/v2\/posts\/9681\/revisions"}],"predecessor-version":[{"id":9903,"href":"https:\/\/investiga.puenteromano.net\/index.php\/wp-json\/wp\/v2\/posts\/9681\/revisions\/9903"}],"wp:featuredmedia":[{"embeddable":true,"href":"https:\/\/investiga.puenteromano.net\/index.php\/wp-json\/wp\/v2\/media\/9683"}],"wp:attachment":[{"href":"https:\/\/investiga.puenteromano.net\/index.php\/wp-json\/wp\/v2\/media?parent=9681"}],"wp:term":[{"taxonomy":"category","embeddable":true,"href":"https:\/\/investiga.puenteromano.net\/index.php\/wp-json\/wp\/v2\/categories?post=9681"},{"taxonomy":"post_tag","embeddable":true,"href":"https:\/\/investiga.puenteromano.net\/index.php\/wp-json\/wp\/v2\/tags?post=9681"}],"curies":[{"name":"wp","href":"https:\/\/api.w.org\/{rel}","templated":true}]}}