{"id":9609,"date":"2024-06-04T09:41:58","date_gmt":"2024-06-04T07:41:58","guid":{"rendered":"https:\/\/investiga.puenteromano.net\/?p=9609"},"modified":"2024-06-04T09:42:21","modified_gmt":"2024-06-04T07:42:21","slug":"virgenes-de-covadonga-en-el-oriente-de-asturias","status":"publish","type":"post","link":"https:\/\/investiga.puenteromano.net\/index.php\/2024\/06\/04\/virgenes-de-covadonga-en-el-oriente-de-asturias\/","title":{"rendered":"V\u00edrgenes de Covadonga en el oriente de Asturias."},"content":{"rendered":"\n<p>Virgen en piedra en Amieva, oriente de Asturias.<\/p>\n\n\n\n<ul class=\"wp-block-list\">\n<li>Identificaci\u00f3n del recurso: Escultura de la Virgen de Covadonga<\/li>\n\n\n\n<li>Localizaci\u00f3n\/acceso: Ruta de monta\u00f1a en el concejo de Amieva<\/li>\n\n\n\n<li>Estado de conservaci\u00f3n: Considerablemente bueno<\/li>\n\n\n\n<li>Uso actual: Patrimonio religioso y cultural con fines est\u00e9ticos y teoc\u00e9ntricos<\/li>\n\n\n\n<li>Informadora: Mar\u00eda Emilia Dago, vecina de Llueves e hija del escultor.<\/li>\n\n\n\n<li>Autor: Mateo Fern\u00e1ndez Obaya.<\/li>\n<\/ul>\n\n\n\n<p>Fernando Dago P\u00e9rez, nacido en Torn\u00edn el 9 de febrero de 1925 y fallecido en Llueves el 9 de julio de 2001 fue un vecino de Llueves conocido por sus esculturas en el oriente de Asturias. Sus v\u00edrgenes m\u00e1s conocidas son las de Amieva, la conocida como \u00abVirgen de Seoriu\u00bb y la de Celango, aunque esta \u00faltima fue instalada tras su muerte, ya que \u00e9l no pudo desplazarse en vida hasta el lugar elegido. Una curiosidad de esta Virgen es la placa conmemorativa que la acompa\u00f1a, con un error en la fecha: deber\u00eda poner \u00ab9\/7\/2001\u00bb, pero en su lugar aparece la fecha en que la escultura fue instalada en la pared rocosa. <\/p>\n\n\n\n<p>Las esculturas son visitadas todas las Navidades por el grupo de monta\u00f1a Pe\u00f1asanta para montar lo que se conoce como un Bel\u00e9n de Cumbres. El autor era un humilde trabajador de la Central Hidr\u00e1ulica de Amieva, donde se gan\u00f3 una reputaci\u00f3n como persona trabajadora y humilde. Una vez jubilado, Fernando comienza a dedicarse a lo que hab\u00eda sido su afici\u00f3n durante gran parte de su vida, la escultura. \u00c9l era un hombre radical de izquierda, y no era creyente; sin embargo, era devoto de la Virgen de Covadonga, de la que hab\u00eda recibido una gran influencia a lo largo de su vida. Fernando sub\u00eda todos los d\u00edas en direcci\u00f3n al Chorco de los Lobos con su cincel y kit de herramientas, listo para esculpir. Su deseo en su vida era hacer tantas v\u00edrgenes como el tiempo le dejase.<\/p>\n\n\n\n<figure class=\"wp-block-gallery has-nested-images columns-default is-cropped wp-block-gallery-1 is-layout-flex wp-block-gallery-is-layout-flex\">\n<figure class=\"wp-block-image size-large\"><img loading=\"lazy\" decoding=\"async\" width=\"883\" height=\"1024\" data-id=\"9634\" src=\"https:\/\/investiga.puenteromano.net\/wp-content\/uploads\/2024\/06\/tributo-a-Fernando--883x1024.jpeg\" alt=\"\" class=\"wp-image-9634\"\/><figcaption class=\"wp-element-caption\">Virgen expuesta en la terraza de un hotel subiendo a Llueves, hace referencia a todas las V\u00edrgenes esculpidas por Fernando, a su vez de a la propia Santina<\/figcaption><\/figure>\n\n\n\n<figure class=\"wp-block-image size-large\"><img loading=\"lazy\" decoding=\"async\" width=\"768\" height=\"1024\" data-id=\"9635\" src=\"https:\/\/investiga.puenteromano.net\/wp-content\/uploads\/2024\/06\/Virgen-y-cenizas-de-Fernando-1-768x1024.jpeg\" alt=\"\" class=\"wp-image-9635\"\/><figcaption class=\"wp-element-caption\">Estanque en la antigua casa de Fernando.<\/figcaption><\/figure>\n<\/figure>\n\n\n\n<p>En la imagen de la derecha vemos la pen\u00faltima Virgen esculpida por Fernando, en un estanque justo debajo del recinto de su casa, donde \u00e9l hab\u00eda plantado un pino. Su \u00faltima voluntad, que fue cumplida, era que sus cenizas fuesen esparcidas en el estanque que \u00e9l hab\u00eda cuidado toda su vida. Al lado de la Virgen vemos una diminuta cruz tambi\u00e9n tallada que simboliz\u00f3 lo que fue la vida de \u00abTito\u00bb, el nombre por el que se conoc\u00eda a este artista en el oriente de Asturias.<\/p>\n","protected":false},"excerpt":{"rendered":"<p>Virgen en piedra en Amieva, oriente de Asturias. Fernando Dago P\u00e9rez, nacido en Torn\u00edn el 9 de febrero de 1925 y fallecido en Llueves el 9 de julio de 2001 fue un vecino de Llueves conocido por sus esculturas en el oriente de Asturias. Sus v\u00edrgenes m\u00e1s conocidas son las de Amieva, la conocida como [&hellip;]<\/p>\n","protected":false},"author":1,"featured_media":9613,"comment_status":"closed","ping_status":"closed","sticky":false,"template":"","format":"standard","meta":{"_et_pb_use_builder":"off","_et_pb_old_content":"<!-- wp:image {\"id\":9613,\"sizeSlug\":\"full\",\"linkDestination\":\"none\"} -->\n<figure class=\"wp-block-image size-full\"><img src=\"https:\/\/investiga.puenteromano.net\/wp-content\/uploads\/2024\/06\/Virgen-en-piedra-Amieva.png\" alt=\"\" class=\"wp-image-9613\" \/><figcaption class=\"wp-element-caption\">Virgen en piedra en Amieva, oriente de Asturias.<\/figcaption><\/figure>\n<!-- \/wp:image -->\n\n<!-- wp:list -->\n<ul><!-- wp:list-item -->\n<li>Identificaci\u00f3n del recurso: Escultura de la Virgen de Covadonga<\/li>\n<!-- \/wp:list-item -->\n\n<!-- wp:list-item -->\n<li>Localizaci\u00f3n\/acceso: Ruta de monta\u00f1a en el concejo de Amieva<\/li>\n<!-- \/wp:list-item -->\n\n<!-- wp:list-item -->\n<li>Estado de conservaci\u00f3n: Considerablemente bueno<\/li>\n<!-- \/wp:list-item -->\n\n<!-- wp:list-item -->\n<li>Uso actual: Patrimonio religioso y cultural con fines est\u00e9ticos y teoc\u00e9ntricos<\/li>\n<!-- \/wp:list-item -->\n\n<!-- wp:list-item -->\n<li>Informadora: Mar\u00eda Emilia Dago, vecina de Llueves e hija del escultor.<\/li>\n<!-- \/wp:list-item -->\n\n<!-- wp:list-item -->\n<li>Autor: Mateo Fern\u00e1ndez Obaya.<\/li>\n<!-- \/wp:list-item --><\/ul>\n<!-- \/wp:list -->\n\n<!-- wp:paragraph -->\n<p>Fernando Dago P\u00e9rez, nacido en Torn\u00edn el 9 de febrero de 1925 y fallecido en Llueves el 9 de julio de 2001 fue un conocido vecino de Llueves por sus obras esculpidas a lo largo del oriente de Asturias. Sus V\u00edrgenes m\u00e1s conocidas son las de Amieva, la conocida La virgen de Seoriu y la de Celango, aunque esta fue colocada tras su muerte, ya que \u00e9l no pod\u00eda desplazarse hasta el lugar donde posteriormente ser\u00eda expuesta. Una curiosidad de esta Virgen es que debajo tiene una placa conmemorativa, pero la fecha est\u00e1 mal registrada, deber\u00eda poner \"9\/7\/2001\", pero en su lugar est\u00e1 escrita la fecha cuando la escultura fue llevada a la pared rocosa. Estas esculturas son visitadas todas las Navidades por el grupo de monta\u00f1a Pe\u00f1asanta para montar lo que se conoce como un Bel\u00e9n de Cumbres. El autor era un humilde trabajador de la central hidr\u00e1ulica de Amieva, donde se gan\u00f3 una reputaci\u00f3n como persona trabajadora y humilde. Una vez se jubila, Fernando comienza a dedicarse a lo que hab\u00eda sido su afici\u00f3n durante gran parte de su vida, la escultura. \u00c9l era un hombre extremista de izquierdas y no era creyente, sin embargo, era devoto de la Virgen de Covadonga, la cual hab\u00eda tenido un gran impacto a lo largo de su vida. Fernando sub\u00eda todos los d\u00edas en direcci\u00f3n al Chorco de los Lobos con su cincel y kit de herramientas listo para esculpir. Su deseo en su vida era hacer tantas V\u00edrgenes como el tiempo le dejase.<\/p>\n<!-- \/wp:paragraph -->\n\n<!-- wp:columns -->\n<div class=\"wp-block-columns\"><!-- wp:column {\"width\":\"50%\"} -->\n<div class=\"wp-block-column\" style=\"flex-basis:50%\"><!-- wp:gallery {\"linkTo\":\"none\"} -->\n<figure class=\"wp-block-gallery has-nested-images columns-default is-cropped\"><!-- wp:image {\"id\":9634,\"sizeSlug\":\"large\",\"linkDestination\":\"none\"} -->\n<figure class=\"wp-block-image size-large\"><img src=\"https:\/\/investiga.puenteromano.net\/wp-content\/uploads\/2024\/06\/tributo-a-Fernando--883x1024.jpeg\" alt=\"\" class=\"wp-image-9634\" \/><figcaption class=\"wp-element-caption\">Virgen expuesta en la terraza de un hotel subiendo a Llueves, hace referencia a todas las V\u00edrgenes esculpidas por Fernando, a su vez de a la propia Santina<\/figcaption><\/figure>\n<!-- \/wp:image --><\/figure>\n<!-- \/wp:gallery --><\/div>\n<!-- \/wp:column -->\n\n<!-- wp:column {\"width\":\"50%\"} -->\n<div class=\"wp-block-column\" style=\"flex-basis:50%\"><!-- wp:image {\"id\":9635,\"sizeSlug\":\"large\",\"linkDestination\":\"none\"} -->\n<figure class=\"wp-block-image size-large\"><img src=\"https:\/\/investiga.puenteromano.net\/wp-content\/uploads\/2024\/06\/Virgen-y-cenizas-de-Fernando-1-768x1024.jpeg\" alt=\"\" class=\"wp-image-9635\" \/><figcaption class=\"wp-element-caption\">Estanque en la antigua casa de Fernando.<\/figcaption><\/figure>\n<!-- \/wp:image --><\/div>\n<!-- \/wp:column --><\/div>\n<!-- \/wp:columns -->\n\n<!-- wp:paragraph -->\n<p>En la imagen de la derecha vemos la pen\u00faltima Virgen esculpida por Fernando, en un estanque justo debajo del recinto de su casa, donde \u00e9l hab\u00eda plantado un pino. Su \u00faltima voluntad, la cual fue cumplida era que tras fallecer, sus cenizas fuesen esparcidas dentro del estanque que \u00e9l hab\u00eda cuidado toda su vida. Al lado de la Virgen vemos una diminuta cruz tambi\u00e9n tallada que simboliz\u00f3 lo que fue la vida de \"Tito\", el nombre por el que se conoc\u00eda a este artista dentro del oriente de Asturias.<\/p>\n<!-- \/wp:paragraph -->","_et_gb_content_width":"","footnotes":""},"categories":[17,46,32,61],"tags":[],"class_list":["post-9609","post","type-post","status-publish","format-standard","has-post-thumbnail","hentry","category-artes","category-hojas-de-registro","category-montana","category-proyectos-2023-2024"],"_links":{"self":[{"href":"https:\/\/investiga.puenteromano.net\/index.php\/wp-json\/wp\/v2\/posts\/9609","targetHints":{"allow":["GET"]}}],"collection":[{"href":"https:\/\/investiga.puenteromano.net\/index.php\/wp-json\/wp\/v2\/posts"}],"about":[{"href":"https:\/\/investiga.puenteromano.net\/index.php\/wp-json\/wp\/v2\/types\/post"}],"author":[{"embeddable":true,"href":"https:\/\/investiga.puenteromano.net\/index.php\/wp-json\/wp\/v2\/users\/1"}],"replies":[{"embeddable":true,"href":"https:\/\/investiga.puenteromano.net\/index.php\/wp-json\/wp\/v2\/comments?post=9609"}],"version-history":[{"count":5,"href":"https:\/\/investiga.puenteromano.net\/index.php\/wp-json\/wp\/v2\/posts\/9609\/revisions"}],"predecessor-version":[{"id":9893,"href":"https:\/\/investiga.puenteromano.net\/index.php\/wp-json\/wp\/v2\/posts\/9609\/revisions\/9893"}],"wp:featuredmedia":[{"embeddable":true,"href":"https:\/\/investiga.puenteromano.net\/index.php\/wp-json\/wp\/v2\/media\/9613"}],"wp:attachment":[{"href":"https:\/\/investiga.puenteromano.net\/index.php\/wp-json\/wp\/v2\/media?parent=9609"}],"wp:term":[{"taxonomy":"category","embeddable":true,"href":"https:\/\/investiga.puenteromano.net\/index.php\/wp-json\/wp\/v2\/categories?post=9609"},{"taxonomy":"post_tag","embeddable":true,"href":"https:\/\/investiga.puenteromano.net\/index.php\/wp-json\/wp\/v2\/tags?post=9609"}],"curies":[{"name":"wp","href":"https:\/\/api.w.org\/{rel}","templated":true}]}}