{"id":9278,"date":"2024-05-31T23:31:08","date_gmt":"2024-05-31T21:31:08","guid":{"rendered":"https:\/\/investiga.puenteromano.net\/?p=9278"},"modified":"2024-06-01T11:25:02","modified_gmt":"2024-06-01T09:25:02","slug":"la-pedrera","status":"publish","type":"post","link":"https:\/\/investiga.puenteromano.net\/index.php\/2024\/05\/31\/la-pedrera\/","title":{"rendered":"La Pedrera"},"content":{"rendered":"\n<ul class=\"wp-block-list\">\n<li>Identificaci\u00f3n del recurso: La Pedrera.<\/li>\n\n\n\n<li>Tipo de recurso: Casa solariega tradicional.<\/li>\n\n\n\n<li>Localizaci\u00f3n: Bada, Parres, Asturias.<\/li>\n\n\n\n<li>Accesibilidad: Propiedad privada.<\/li>\n\n\n\n<li>Estado de conservaci\u00f3n: Deteriorada.<\/li>\n\n\n\n<li>Informadores: David Garc\u00eda Tarapiella.<\/li>\n\n\n\n<li>Bibliograf\u00eda: fuentes orales: David Garc\u00eda Tarapiella.<\/li>\n\n\n\n<li>Autora del texto: \u00c1ngela Mori Longo.<\/li>\n<\/ul>\n\n\n\n<p><strong>\u00c1ngela Mori Longo<\/strong>. En el Concejo de Parres, concretamente en el pueblo de Bada, se halla una construcci\u00f3n renacentista datada en el siglo XVI y considerada como una de las m\u00e1s antiguas del concejo.<\/p>\n\n\n\n<p>La Pedrera es un edificio de planta rectangular, con una planta baja y un piso, y cubierta a cuatro aguas. La puerta principal se encuentra ubicada al este y est\u00e1 rematada con un arco de medio punto en dovelas, junto a otra puerta adintelada en el lado izquierdo de la misma fachada.<\/p>\n\n\n\n<p>En el primer piso, destacan tres vanos y una cruz en su parte superior, con dos rosas similares; una tipolog\u00eda de adorno que se interpreta como una alegor\u00eda. En la fachada de la casona se puede observar la traza de un escudo pintado, bastante deteriorado debido a la humedad. Con este escudo sol\u00eda representarse defensa, protecci\u00f3n o amparo.<\/p>\n\n\n\n<figure class=\"wp-block-image size-large\"><img loading=\"lazy\" decoding=\"async\" width=\"1024\" height=\"576\" src=\"https:\/\/investiga.puenteromano.net\/wp-content\/uploads\/2024\/05\/11zon_IMG_1411-2-1-1024x576.jpeg\" alt=\"\" class=\"wp-image-9347\" srcset=\"https:\/\/investiga.puenteromano.net\/wp-content\/uploads\/2024\/05\/11zon_IMG_1411-2-1-980x551.jpeg 980w, https:\/\/investiga.puenteromano.net\/wp-content\/uploads\/2024\/05\/11zon_IMG_1411-2-1-480x270.jpeg 480w\" sizes=\"auto, (min-width: 0px) and (max-width: 480px) 480px, (min-width: 481px) and (max-width: 980px) 980px, (min-width: 981px) 1024px, 100vw\" \/><figcaption class=\"wp-element-caption\">A la izquierda, tres vanos y una cruz con dos rosas similares y a la derecha, el escudo pintando en la fachada. Imagen: AM.<\/figcaption><\/figure>\n\n\n\n<p>Algunos de sus antiguos habitantes fueron personajes muy importantes en la Espa\u00f1a de finales del siglo XVIII, como Manuel Francisco de Noriega P\u00e9rez, juez por el Estado noble del Concejo de Parres y padre de Juli\u00e1n Antonio Noriega, de Bada y Llerandi, que lleg\u00f3 a tratar asuntos de Estado con los reyes Carlos IV y Mar\u00eda Luisa de Parma. Fue hombre de confianza de Manuel Godoy, tambi\u00e9n amigo de Jovellanos. Actualmente la casona pertenece a los herederos de Jos\u00e9 Vega Fond\u00f3n y anteriormente fue de Fernando Santos Fern\u00e1ndez (Fernando el de La Pedrera) propietario del bar-tienda de Bada.<\/p>\n\n\n\n<p>Personalmente, no era consciente de que la casona de La Pedrera fuese tan importante y que por ella hubiesen pasado personajes de la historia de Espa\u00f1a, como reyes, jueces y otros, y que se tratasen en ella asuntos de verdadera transcendencia. Muchas veces, paseando con mi familia por la zona, observ\u00e1bamos el edificio pero ajenos a la importancia que verdaderamente ten\u00eda. Gracias a este trabajo he tenido la oportunidad de estudiar con detenimiento La Pedrera y me da a pensar que a veces tenemos al lado aut\u00e9nticas reliquias hist\u00f3ricas y eso hace que me sienta muy orgullosa del lugar de donde vengo.<\/p>\n","protected":false},"excerpt":{"rendered":"<p>\u00c1ngela Mori Longo. En el Concejo de Parres, concretamente en el pueblo de Bada, se halla una construcci\u00f3n renacentista datada en el siglo XVI y considerada como una de las m\u00e1s antiguas del concejo. La Pedrera es un edificio de planta rectangular, con una planta baja y un piso, y cubierta a cuatro aguas. La [&hellip;]<\/p>\n","protected":false},"author":1,"featured_media":9355,"comment_status":"closed","ping_status":"closed","sticky":false,"template":"","format":"standard","meta":{"_et_pb_use_builder":"off","_et_pb_old_content":"","_et_gb_content_width":"","footnotes":""},"categories":[12,46,61],"tags":[],"class_list":["post-9278","post","type-post","status-publish","format-standard","has-post-thumbnail","hentry","category-arquitectura","category-hojas-de-registro","category-proyectos-2023-2024"],"_links":{"self":[{"href":"https:\/\/investiga.puenteromano.net\/index.php\/wp-json\/wp\/v2\/posts\/9278","targetHints":{"allow":["GET"]}}],"collection":[{"href":"https:\/\/investiga.puenteromano.net\/index.php\/wp-json\/wp\/v2\/posts"}],"about":[{"href":"https:\/\/investiga.puenteromano.net\/index.php\/wp-json\/wp\/v2\/types\/post"}],"author":[{"embeddable":true,"href":"https:\/\/investiga.puenteromano.net\/index.php\/wp-json\/wp\/v2\/users\/1"}],"replies":[{"embeddable":true,"href":"https:\/\/investiga.puenteromano.net\/index.php\/wp-json\/wp\/v2\/comments?post=9278"}],"version-history":[{"count":11,"href":"https:\/\/investiga.puenteromano.net\/index.php\/wp-json\/wp\/v2\/posts\/9278\/revisions"}],"predecessor-version":[{"id":9386,"href":"https:\/\/investiga.puenteromano.net\/index.php\/wp-json\/wp\/v2\/posts\/9278\/revisions\/9386"}],"wp:featuredmedia":[{"embeddable":true,"href":"https:\/\/investiga.puenteromano.net\/index.php\/wp-json\/wp\/v2\/media\/9355"}],"wp:attachment":[{"href":"https:\/\/investiga.puenteromano.net\/index.php\/wp-json\/wp\/v2\/media?parent=9278"}],"wp:term":[{"taxonomy":"category","embeddable":true,"href":"https:\/\/investiga.puenteromano.net\/index.php\/wp-json\/wp\/v2\/categories?post=9278"},{"taxonomy":"post_tag","embeddable":true,"href":"https:\/\/investiga.puenteromano.net\/index.php\/wp-json\/wp\/v2\/tags?post=9278"}],"curies":[{"name":"wp","href":"https:\/\/api.w.org\/{rel}","templated":true}]}}