{"id":8641,"date":"2024-04-08T12:22:11","date_gmt":"2024-04-08T10:22:11","guid":{"rendered":"https:\/\/investiga.puenteromano.net\/?p=8641"},"modified":"2024-04-08T12:22:11","modified_gmt":"2024-04-08T10:22:11","slug":"dos-lugares-de-interes-en-onis","status":"publish","type":"post","link":"https:\/\/investiga.puenteromano.net\/index.php\/2024\/04\/08\/dos-lugares-de-interes-en-onis\/","title":{"rendered":"Dos lugares de inter\u00e9s en On\u00eds\u00a0"},"content":{"rendered":"\n<p><strong>Introducci\u00f3n<\/strong>&nbsp;<\/p>\n\n\n\n<p>Esta vieja explotaci\u00f3n minera se asienta sobre el lugar de Pelamoru y cerca del pueblo de Villar de On\u00eds. Es uno de los mejores lugares de inter\u00e9s en el concejo que he encontrado. Normalmente cuando se habla de miner\u00eda en Asturias, uno piensa en el carb\u00f3n, pero lo que me llam\u00f3 la atenci\u00f3n de esta fueron, obviamente, los restos hallados, y el color de estos restos, que es el verde, algo raro sabiendo que el color natural del cobre es un tono m\u00e1s rojizo o anaranjado. La explotaci\u00f3n presenta varias bocas de entrada formadas por las sucesivas labores mineras. Se observan en la actualidad al menos, tres niveles de explotaci\u00f3n.&nbsp;&nbsp;<\/p>\n\n\n\n<p>La mina estuvo en activo en dos \u00e9pocas muy diferenciadas, la primera no se sabe con exactitud, pero se cree que fue en el 3000 a.c aproximadamente, esta fue su etapa prehist\u00f3rica. Despu\u00e9s en el a\u00f1o 1849 se reabre sin saber que ya en el pasado hab\u00eda sido una mina en funcionamiento y est\u00e1 en activo unos 100 a\u00f1os, hasta el 1959, en esta \u00e9poca se encontraron gran cantidad de restos como huesos, herramientas&#8230;\u00a0<\/p>\n\n\n\n<p class=\"has-text-align-center has-small-font-size\"><img decoding=\"async\" src=\"https:\/\/investiga.puenteromano.net\/7f326244-a5e1-4b6d-a2df-90d47879f321\"><\/p>\n\n\n\n<p><strong>Importancia en la arqueolog\u00eda nacional e internacional<\/strong>&nbsp;<\/p>\n\n\n\n<p>La mayor\u00eda de los hallazgos prehist\u00f3ricos se encontraron en los a\u00f1os 1852 y 1853 al ser los primeros a\u00f1os de explotaci\u00f3n desde su reapertura, esto est\u00e1 documentando por Guillermo Schulz en un art\u00edculo de 1854 \u201cmina antiqu\u00edsima en Asturias\u201d y posteriormente en 1858 en su gran obra \u201cdescripci\u00f3n geol\u00f3gica de Asturias\u201d. En ambos documentos se relatan brevemente los restos hallados.&nbsp;<\/p>\n\n\n\n<p>Parte de \u201cdescripci\u00f3n geol\u00f3gica de Asturias\u201d, en la que se menciona muy brevemente.&nbsp;<\/p>\n\n\n\n<p><em>\u201cEra ya explotada primeramente en tiempos muy remotos, antes de conocerse el uso del hierro y del acero, por lo que las labores se hac\u00edan con caldas y despu\u00e9s con cu\u00f1as y martillos de asta de ciervo y otros martillos mayores de guijarros de cuarcita\u201d<\/em>&nbsp;<\/p>\n\n\n\n<blockquote class=\"wp-block-quote is-layout-flow wp-block-quote-is-layout-flow\">\n<p><em>\u201cEra ya explotada primeramente en tiempos muy remotos, antes de conocerse el uso del hierro y del acero, por lo que las labores se hac\u00edan con caldas y despu\u00e9s con cu\u00f1as y martillos de asta de ciervo y otros martillos mayores de guijarros de cuarcita\u201d<\/em><\/p>\n<\/blockquote>\n\n\n\n<p>Parte de su art\u00edculo de 1854, centr\u00e1ndose en la mina.&nbsp;<\/p>\n\n\n\n<p><em>\u201cCon motivo de la nueva explotaci\u00f3n bien arreglada de este fil\u00f3n cobrizo, ha habido que desatorar o despejar algunas de las labores antiguas y en el fondo de ellas, debajo de escombros, se han encontrado huesos humanos, algunas calaveras, muchos trozos y puntas de asta de ciervo, muchos martillos hechos de asta de ciervo en vez de hierro, algunos guijarros de cuarcita tra\u00eddos del r\u00edo\u201d<\/em>&nbsp;<\/p>\n\n\n\n<p>Gracias a grandes autores como Cartheilac, Dechelette, Siret o Simonin, que fueron mencionando estos hechos en publicaciones y divulg\u00e1ndolos entre el mundo cient\u00edfico nacional e internacional, aument\u00f3 mucho el eco que se hizo de los hallazgos. Y tuvo una gran repercusi\u00f3n en el mundo arqueol\u00f3gico y minero, hasta el punto en el que un pico-palanca de asta fue expuesta en el pabell\u00f3n espa\u00f1ol de la Exposici\u00f3n Universal de Par\u00eds de 1878. Algunos investigadores como Simonin los llegaron a incluir como parte esencial en sus estudios.&nbsp;<\/p>\n\n\n\n<p>Las piezas arqueol\u00f3gicas que se encontraron est\u00e1n dispersas en varios museos y colecciones, buena parte fueron a parar al Museo Arqueol\u00f3gico Nacional, otra parte no se sabe a ciencia cierta donde est\u00e1n porque en su tiempo, los propietarios de la explotaci\u00f3n, los fueron regalando en lotes a varias personas, las diferentes piezas y restos humanos. Algunas piezas sueltas terminaron en el Museo Saint Germain Lay\u00e9 de Paris, el Museo Arqueol\u00f3gico de Asturias, el Museo Arqueol\u00f3gico Nacional y el Museo Pr\u00edncipe Felipe de la Escuela de Minas de Madrid.&nbsp;<\/p>\n\n\n\n<p><strong>Estudios sobre los restos<\/strong>&nbsp;<\/p>\n\n\n\n<p>Con posterioridad, las investigaciones se centrar\u00edan en los restos humanos, respondiendo al gran inter\u00e9s que despertaba en aquel entonces la antropolog\u00eda f\u00edsica.&nbsp;<\/p>\n\n\n\n<p>Los cr\u00e1neos fueron los restos estudiados por Francisco Barras de Arag\u00f3n y Enrique de Egure entre 1917 y 1918. Estas piezas fueron las elegidas para su estudio por lo bien conservadas que estaban y por ser las m\u00e1s interesantes.&nbsp;<\/p>\n\n\n\n<p>Durante 1985 y 1986 se elabor\u00f3 la Carta Arqueol\u00f3gica de On\u00eds y Cangas de On\u00eds. La Mina Milagro fue catalogada para su correcta protecci\u00f3n. Abundante informaci\u00f3n del archivo en la antigua casa de los Noriega en Villar, entre ella estaba un hacha de tal\u00f3n y anillas&nbsp;<\/p>\n\n\n\n<p>Finalmente, el mayor investigador de la Mina Milagro, junto a otras explotaciones de cobre durante la Edad del Bronce, es el profesor Miguel \u00c1ngel de Blas de la Universidad de Oviedo. Desde 1980 ha ido publicando diferentes estudios sobre las t\u00e9cnicas e instrumental minero, as\u00ed como contextualizando estos yacimientos arqueol\u00f3gicos y su importancia para entender los comienzos de la metalurgia en Espa\u00f1a y Europa. Sus estudios han sido una base fundamental el libro LA MINA MILAGRO Y LA MINERIA DEL COBRE EN ONIS y para comprender la miner\u00eda del cobre en el norte de Espa\u00f1a.&nbsp;<\/p>\n\n\n\n<p><strong>Estudios sobre las re-explotaciones<\/strong>&nbsp;<\/p>\n\n\n\n<p>Las sucesivas re-explotaciones de la mina y la falta de documentaci\u00f3n facilitaron la destrucci\u00f3n de casi todos los indicios de las labores prehist\u00f3ricas, por lo que s\u00f3lo se cuenta para su reconstrucci\u00f3n con las antiguas descripciones de los t\u00e9cnicos, algunos documentos y cartas de los propietarios. Todo un repertorio demasiado escaso y confuso, como casi todos los documentos que se salvan de esos a\u00f1os. A ello se suma dispersi\u00f3n de piezas y la destrucci\u00f3n de los archivos mineros depositados en la Jefatura de Minas en el a\u00f1o 1970.&nbsp;&nbsp;<\/p>\n\n\n\n<p>Aun as\u00ed y gracias a que algunos investigadores fueron informados, \u00e9stas se han podido deducir en parte. Hace a\u00f1os el profesor Miguel \u00c1ngel de Blas detect\u00f3 en la zona de los Pozos de Arriba en una de sus exploraciones de la mina, un antiguo corte, tal vez la \u00fanica evidencia de los trabajos prehist\u00f3ricos.\u00a0\u00a0<\/p>\n\n\n\n<p class=\"has-text-align-center\"><img decoding=\"async\" src=\"https:\/\/investiga.puenteromano.net\/74f8bf6c-0bfe-4b09-a5c7-67e51688db73\"><\/p>\n\n\n\n<p><strong>Restos humanos<\/strong>&nbsp;<\/p>\n\n\n\n<p>Los restos humanos, fueron encontrados por los mineros de Noriega y C\u00eda, que fue la primera empresa que reabri\u00f3 la mina en el 1849, en varias galer\u00edas antiguas y como dijo Schulz, \u201cbajo los escombros\u201d y en una de las cartas que ya he mencionado en el apartado de Importancia en la arqueolog\u00eda nacional e internacional: <em>\u201cexiste en la mina cascos de calaveras y huesos humanos se hall\u00f3 mucho\u201d.<\/em>&nbsp;<\/p>\n\n\n\n<p>Parece que se encontraron m\u00e1s partes, pero, hasta la actualidad solo han llegado tres piezas seguras y una cuarta desaparecida. Estos restos humanos son mencionados en una carta en el archivo de la mina en Villar,<em> \u201cCalaveras enteras se hallaron tres, la mejor que esta mineralizada o cubierta de un color verde, la tiene el Ingeniero Dn Ram\u00f3n Pellico, otra, aunque no tan mineralizada con toda su dentadura superior la llev\u00f3 Don Juan Arg\u00fcelles de Infiesto a quien Don Casto piensa ped\u00edrsela para satisfacer con ella los deseos del Sr Paillet. La otra que solo le falta la dentadura y mand\u00edbula superior. Existe en la misma cascos de calaveras y huesos humanos se hall\u00f3 mucho. La mand\u00edbula inferior que V ha visto hace tiempo la tiene el Inspector Don Bernab\u00e9.\u201d<\/em>&nbsp;<\/p>\n\n\n\n<p>-Cr\u00e1neo de una persona de sexo masculino. Se aprecia una fuerte mineralizaci\u00f3n de cobre en su superficie, lo que le da ese llamativo color verde. Se conserva en el Museo Hist\u00f3rico Minero Felipe de Borb\u00f3n de Madrid\u00a0<\/p>\n\n\n\n<p class=\"has-text-align-center\"><img decoding=\"async\" src=\"https:\/\/investiga.puenteromano.net\/71cbfa51-a057-40f3-92b4-19ab6f253cc9\"><\/p>\n\n\n\n<p>Foto del cr\u00e1neo que aparece en la portada del libro LA MINA MILAGRO Y LA MINERIA DEL COBRE EN ONIS&nbsp;<\/p>\n\n\n\n<p>-Mand\u00edbula inferior depositada junto con el anterior cr\u00e1neo, aunque no pertenece a la misma persona depositada en el mismo Museo. (no he encontrado im\u00e1genes de ella)&nbsp;<\/p>\n\n\n\n<p>-Cr\u00e1neo conservado en Museo Arqueol\u00f3gico de Madrid. Fue donado por Roberto Frassinelli seg\u00fan dice la Revista de Archivos Bibliotecas y Museos de 1879\u00a0<\/p>\n\n\n\n<p class=\"has-text-align-center\"><img decoding=\"async\" src=\"https:\/\/investiga.puenteromano.net\/af728f09-eec8-401c-bdb2-5e5877b52caf\"><\/p>\n\n\n\n<p>Foto del cr\u00e1neo mencionado en el libro LA MINA MILAGRO Y LA MINERIA DEL COBRE EN ONIS, la foto fue cedida al escritor del libro por el MAN&nbsp;<\/p>\n\n\n\n<p>Hay un cr\u00e1neo m\u00e1s que se encontr\u00f3 y que se menciona en la carta de Schulz, pero, no se sabe cu\u00e1ndo, se le perdi\u00f3 la pista, y hoy en d\u00eda todav\u00eda no ha aparecido y nadie sabe d\u00f3nde est\u00e1.&nbsp;<\/p>\n\n\n\n<p>En conclusi\u00f3n, la importancia de esta mina radica, en mi opini\u00f3n, sobre todo en los restos humanos encontrados, por eso me he centrado en hablar de ellos y no tanto en los restos materiales, que tambi\u00e9n dan para un trabajo a parte.&nbsp;<\/p>\n\n\n\n<p class=\"has-medium-font-size\">Rinoceronte de la cueva de la peruyal&nbsp;<\/p>\n\n\n\n<p><strong>Introducci\u00f3n<\/strong>&nbsp;<\/p>\n\n\n\n<p>Uno de los sitios de inter\u00e9s m\u00e1s importantes en el concejo de On\u00eds es la cueva de la peruyal , llamada hist\u00f3ricamente \u201ccueva del oso\u201d. En ella fue identificado fue identificado el f\u00f3sil de un rinoceronte de hace 45.000 a\u00f1os aproximadamente.\u00a0\u00a0<\/p>\n\n\n\n<p class=\"has-text-align-center\"><img decoding=\"async\" src=\"https:\/\/investiga.puenteromano.net\/e43147e6-b8e1-47b7-8486-16a93badf65a\"><\/p>\n\n\n\n<p><strong>Historia<\/strong>&nbsp;<\/p>\n\n\n\n<p>En 1970 fue descubierto el f\u00f3sil de lo que se pensaba que era un oso en esta cueva por el Grupo de Espeleolog\u00eda de la Universidad de Nottingham, el hallazgo tuvo un gran eco en su momento y apareci\u00f3 publicado en un reportaje del peri\u00f3dico ABC en 1974. En este mismo a\u00f1o, 1974, se autoriz\u00f3 la extracci\u00f3n del f\u00f3sil por la Comisar\u00eda General de Excavaciones Arqueol\u00f3gicas de Bellas Artes en Madrid, pero esto fue desaprobado por los habitantes de On\u00eds que no quer\u00edan que este f\u00f3sil se moviera de donde estaba.&nbsp;&nbsp;<\/p>\n\n\n\n<p>Esto llev\u00f3 a que hasta el a\u00f1o 1995 no hubo m\u00e1s investigaciones ni intentos de estudiar el f\u00f3sil, solo era mostrado con cuidado por ciudadanos de On\u00eds a quienes quisieran verlo, pero en este a\u00f1o, 1995 hubo un derrumbe en la cueva que colaps\u00f3 la entrada y esto reactiv\u00f3 la curiosidad por los restos. Y la investigadora Ana Pinto, junto con el naturalista Ernesto Junco y el alcalde del concejo de aquella \u00e9poca D.J Antonio Gonz\u00e1lez, deseando promover el yacimiento, y utilizando documentaci\u00f3n gr\u00e1fica de alta calidad, consiguieron determinar que no era un oso, sino que se trataba de un rinoceronte.&nbsp;<\/p>\n\n\n\n<p>El f\u00f3sil se encuentra dentro de una peque\u00f1a laguna de aguas cristalinas, totalmente transparentes, en una zona de estalactitas y estalagmitas, est\u00e1 intacto con todos sus huesos en conexi\u00f3n anat\u00f3mica y en la posici\u00f3n en que muri\u00f3, y esto es lo que le da su valor, la perfecta conservaci\u00f3n que tiene.&nbsp;<\/p>\n\n\n\n<p><strong>Trabajos para el molde<\/strong>&nbsp;<\/p>\n\n\n\n<p>Despu\u00e9s de esto, en el a\u00f1o 2002, se propuso el proyecto de entrar a la cueva para realizar un molde del f\u00f3sil, y gracias a esto podemos tener una r\u00e9plica exacta en Av\u00edn (On\u00eds), pero no era f\u00e1cil porque el derrumbe tap\u00f3 la entrada y hab\u00eda que descender con arneses y cuerdas un pozo vertical de 17 metros. Se pens\u00f3 en cascos con sistemas de carburo para la iluminaci\u00f3n, pero no se pod\u00eda trabajar con productos inflamables, entonces se hizo una peque\u00f1a instalaci\u00f3n el\u00e9ctrica alimentada por un generador que se mantuvo fuera de la cueva.\u00a0\u00a0\u00a0<\/p>\n\n\n\n<p class=\"has-text-align-center\"><img decoding=\"async\" src=\"https:\/\/investiga.puenteromano.net\/9646d01c-610e-481d-bae7-559dc07e3a5e\"><\/p>\n\n\n\n<p>La peque\u00f1a laguna en la que se encontraba fue vaciada con una pipeta de goma lentamente, lo que llev\u00f3 unas 5 horas, y despu\u00e9s se eliminaron los restos de sedimentos con esponjas y agua mineral de la propia cueva. &nbsp;<\/p>\n\n\n\n<p>Aparte del molde, esta semana de trabajos sirvi\u00f3 para examinar una pieza dental, concretamente un molar, y tambi\u00e9n para la extracci\u00f3n de una muestra de las estalagmitas.\u00a0<\/p>\n\n\n\n<p>Una trabajadora coment\u00f3 en el libro de Ana Pinto: <em>\u201cUna jornada de trabajo en el interior de la cueva no es comparable a otra cualquiera, tras la primera jornada de trabajo me replantee si estaba capacitada f\u00edsicamente para una semana de trabajo en la cueva. El porcentaje de humedad relativa en la cueva era del 100% lo que hac\u00eda que te deshidratases. La baja temperatura junto con la humedad promov\u00eda a hipotermia. El esfuerzo de superar ascensos, descensos y pasos estrechos favorec\u00eda la sudoraci\u00f3n y el consumo de energ\u00eda, este desgaste facilita el agotamiento de las reservas, as\u00ed como la dificultad de la recuperaci\u00f3n t\u00e9rmica. Tres personas tuvimos deshidrataci\u00f3n, traducida en infecci\u00f3n urinaria\u201d<\/em>&nbsp;<\/p>\n\n\n\n<p><strong>Copias y visitar<\/strong>&nbsp;<\/p>\n\n\n\n<p>Despu\u00e9s de conseguir el buscado molde, se realizaron 2 tipos de reproducciones, que fueron: copias del molar en yeso piedra, copias del ejemplar en resina de poli\u00e9ster estratificada y fibra de vidrio.&nbsp;<\/p>\n\n\n\n<p>La copia m\u00e1s visitada es la destinada a la Cuevona de Av\u00edn, que se puede ver f\u00e1cilmente con un costo muy bajo y en la misma visita tambi\u00e9n hay reproducciones a tama\u00f1o real de animales prehist\u00f3ricos. Aunque tambi\u00e9n se puede visitar el f\u00f3sil real que se encuentra igual que como se descubri\u00f3, pero esta visita es m\u00e1s complicada y requiere un coste un poco m\u00e1s alto.&nbsp;<\/p>\n\n\n\n<blockquote class=\"wp-block-quote is-layout-flow wp-block-quote-is-layout-flow\">\n<p><\/p>\n<\/blockquote>\n\n\n\n<blockquote class=\"wp-block-quote is-layout-flow wp-block-quote-is-layout-flow\">\n<p><\/p>\n<\/blockquote>\n","protected":false},"excerpt":{"rendered":"<p>Introducci\u00f3n&nbsp; Esta vieja explotaci\u00f3n minera se asienta sobre el lugar de Pelamoru y cerca del pueblo de Villar de On\u00eds. Es uno de los mejores lugares de inter\u00e9s en el concejo que he encontrado. Normalmente cuando se habla de miner\u00eda en Asturias, uno piensa en el carb\u00f3n, pero lo que me llam\u00f3 la atenci\u00f3n de [&hellip;]<\/p>\n","protected":false},"author":1,"featured_media":0,"comment_status":"closed","ping_status":"closed","sticky":false,"template":"","format":"standard","meta":{"_et_pb_use_builder":"off","_et_pb_old_content":"","_et_gb_content_width":"","footnotes":""},"categories":[1],"tags":[],"class_list":["post-8641","post","type-post","status-publish","format-standard","hentry","category-sin-categoria"],"_links":{"self":[{"href":"https:\/\/investiga.puenteromano.net\/index.php\/wp-json\/wp\/v2\/posts\/8641","targetHints":{"allow":["GET"]}}],"collection":[{"href":"https:\/\/investiga.puenteromano.net\/index.php\/wp-json\/wp\/v2\/posts"}],"about":[{"href":"https:\/\/investiga.puenteromano.net\/index.php\/wp-json\/wp\/v2\/types\/post"}],"author":[{"embeddable":true,"href":"https:\/\/investiga.puenteromano.net\/index.php\/wp-json\/wp\/v2\/users\/1"}],"replies":[{"embeddable":true,"href":"https:\/\/investiga.puenteromano.net\/index.php\/wp-json\/wp\/v2\/comments?post=8641"}],"version-history":[{"count":1,"href":"https:\/\/investiga.puenteromano.net\/index.php\/wp-json\/wp\/v2\/posts\/8641\/revisions"}],"predecessor-version":[{"id":8658,"href":"https:\/\/investiga.puenteromano.net\/index.php\/wp-json\/wp\/v2\/posts\/8641\/revisions\/8658"}],"wp:attachment":[{"href":"https:\/\/investiga.puenteromano.net\/index.php\/wp-json\/wp\/v2\/media?parent=8641"}],"wp:term":[{"taxonomy":"category","embeddable":true,"href":"https:\/\/investiga.puenteromano.net\/index.php\/wp-json\/wp\/v2\/categories?post=8641"},{"taxonomy":"post_tag","embeddable":true,"href":"https:\/\/investiga.puenteromano.net\/index.php\/wp-json\/wp\/v2\/tags?post=8641"}],"curies":[{"name":"wp","href":"https:\/\/api.w.org\/{rel}","templated":true}]}}