{"id":792,"date":"2020-06-16T18:48:00","date_gmt":"2020-06-16T16:48:00","guid":{"rendered":"https:\/\/investiga.puenteromano.net\/?p=792"},"modified":"2020-06-16T19:09:16","modified_gmt":"2020-06-16T17:09:16","slug":"los-mozos-del-concejo","status":"publish","type":"post","link":"https:\/\/investiga.puenteromano.net\/index.php\/2020\/06\/16\/los-mozos-del-concejo\/","title":{"rendered":"Los mozos del concejo"},"content":{"rendered":"\n<p>De izquierda a derecha empezando por atr\u00e1s:<\/p>\n\n\n\n<ul class=\"wp-block-list\"><li>Jos\u00e9, vecino de Vega de Cien, trabajador de la central del dobra.<\/li><li>Manuel, de Cien, se dedicaba a la ganader\u00eda antes de emigrar a Alemania, all\u00ed paso gran parte de su vida, cuando regres\u00f3 vino con su mujer (alemana), y construy\u00f3 una casa en Cien.<\/li><li>Juan Jos\u00e9, de \u00abel mol\u00edn\u00bb (que pertenece a Cien), se dedic\u00f3&nbsp;a la ganader\u00eda <\/li><li>Jos\u00e9, de Vega de Cien.<\/li><li>Pedro, vecino de Cien, se dedic\u00f3 a la agricultura hasta su fallecimiento.<\/li><li>Felix, de \u00abEl Beyu\u00bb, se dedic\u00f3 toda su vida a la agricultura.<\/li><li>Fausto, vecino de \u00abEl beyu\u00bb. <\/li><li>C\u00e1ndido, de Cien, se dedicaba al campo antes de emigrar a Alemania, una vez all\u00ed se cas\u00f3 y tuvo un hijo, despu\u00e9s volvi\u00f3 a Cien, y falleci\u00f3.<\/li><li>Maximino, de Cien, tambi\u00e9n fallecido.<\/li><li>Francisco, de Vega de Cien, trabajador de la central del dobra, ya fallecido.<\/li><li>Miguel,&nbsp;natural de&nbsp;Cien, casado en el mismo pueblo, se dedic\u00f3 al campo hasta su fallecimiento.<\/li><li>Olegario, de Ceneya (que pertenece a Cien), trabaj\u00f3 en la central del dobra, despu\u00e9s se fue a vivir a Gij\u00f3n y all\u00ed falleci\u00f3.<\/li><li>Amador, vecino de Vega de Cien, trabaj\u00f3 en una f\u00e1brica en Avil\u00e9s, ya fallecido.<\/li><li>Alfonso, de Cien, emigr\u00f3 a Alemania, y cuando volvi\u00f3 se fue a vivir a Gij\u00f3n.<\/li><li>Trabajador gallego de la central del dobra, (nombre desconocido)<\/li><li>\u00c1ngel, gaitero de Vega de Cien.<\/li><li>Poldo, de Vega de Cien, actualmente vive en Gij\u00f3n.<\/li><li>Mariano, gaitero de Villaverde.<\/li><li>Ram\u00f3n, vecino de Vega de Cien, vivi\u00f3 en Gij\u00f3n hasta su fallecimiento<\/li><li>Abelardo, vecino de Cien, tuvo un bar el comunidad de Castilla y Le\u00f3n.<\/li><li>Camilo, de Vega de Cien, se dedic\u00f3 al campo hasta su fallecimiento.<\/li><li>Esteban, de Vega de Cien, trabajaba en una f\u00e1brica en Gij\u00f3n, ya fallecido.<\/li><li>C\u00e1ndido, vecino de Vega de Cien, trabaj\u00f3 y vivi\u00f3 en Avil\u00e9s hasta su fallecimiento.<\/li><li>Por \u00faltimo \u00c1ngel, vecino de Vega de Cien, casado en Cien, se dedic\u00f3 al campo y a la ganader\u00eda, tambi\u00e9n fallecido.<\/li><\/ul>\n\n\n\n<p>Autora: Leticia S\u00e1nchez Vega<\/p>\n\n\n\n<p>Informadora: Guadalupe Vega Collado (vecina de Cien)<\/p>\n\n\n\n<p><\/p>\n\n\n\n<p><\/p>\n","protected":false},"excerpt":{"rendered":"<p>De izquierda a derecha empezando por atr\u00e1s: Jos\u00e9, vecino de Vega de Cien, trabajador de la central del dobra. Manuel, de Cien, se dedicaba a la ganader\u00eda antes de emigrar a Alemania, all\u00ed paso gran parte de su vida, cuando regres\u00f3 vino con su mujer (alemana), y construy\u00f3 una casa en Cien. Juan Jos\u00e9, de [&hellip;]<\/p>\n","protected":false},"author":1,"featured_media":801,"comment_status":"closed","ping_status":"closed","sticky":false,"template":"templates\/template-full-width.php","format":"standard","meta":{"_et_pb_use_builder":"","_et_pb_old_content":"","_et_gb_content_width":"","footnotes":""},"categories":[1],"tags":[],"class_list":["post-792","post","type-post","status-publish","format-standard","has-post-thumbnail","hentry","category-sin-categoria"],"_links":{"self":[{"href":"https:\/\/investiga.puenteromano.net\/index.php\/wp-json\/wp\/v2\/posts\/792","targetHints":{"allow":["GET"]}}],"collection":[{"href":"https:\/\/investiga.puenteromano.net\/index.php\/wp-json\/wp\/v2\/posts"}],"about":[{"href":"https:\/\/investiga.puenteromano.net\/index.php\/wp-json\/wp\/v2\/types\/post"}],"author":[{"embeddable":true,"href":"https:\/\/investiga.puenteromano.net\/index.php\/wp-json\/wp\/v2\/users\/1"}],"replies":[{"embeddable":true,"href":"https:\/\/investiga.puenteromano.net\/index.php\/wp-json\/wp\/v2\/comments?post=792"}],"version-history":[{"count":9,"href":"https:\/\/investiga.puenteromano.net\/index.php\/wp-json\/wp\/v2\/posts\/792\/revisions"}],"predecessor-version":[{"id":803,"href":"https:\/\/investiga.puenteromano.net\/index.php\/wp-json\/wp\/v2\/posts\/792\/revisions\/803"}],"wp:featuredmedia":[{"embeddable":true,"href":"https:\/\/investiga.puenteromano.net\/index.php\/wp-json\/wp\/v2\/media\/801"}],"wp:attachment":[{"href":"https:\/\/investiga.puenteromano.net\/index.php\/wp-json\/wp\/v2\/media?parent=792"}],"wp:term":[{"taxonomy":"category","embeddable":true,"href":"https:\/\/investiga.puenteromano.net\/index.php\/wp-json\/wp\/v2\/categories?post=792"},{"taxonomy":"post_tag","embeddable":true,"href":"https:\/\/investiga.puenteromano.net\/index.php\/wp-json\/wp\/v2\/tags?post=792"}],"curies":[{"name":"wp","href":"https:\/\/api.w.org\/{rel}","templated":true}]}}