{"id":6411,"date":"2022-06-18T12:48:36","date_gmt":"2022-06-18T10:48:36","guid":{"rendered":"https:\/\/investiga.puenteromano.net\/?p=6411"},"modified":"2022-06-18T12:48:40","modified_gmt":"2022-06-18T10:48:40","slug":"la-infancia-de-mi-abuela","status":"publish","type":"post","link":"https:\/\/investiga.puenteromano.net\/index.php\/2022\/06\/18\/la-infancia-de-mi-abuela\/","title":{"rendered":"La infancia de mi abuela."},"content":{"rendered":"\n<p><br><\/p>\n\n\n\n<p>Mi abuela, Eloina N\u00e9lida Berdayes Allende, naci\u00f3 el 10 de julio de 1929. Era hija \u00fanica, ya que tuvo una hermana pero al poco de nacer se muri\u00f3 de una enfermedad. Sus padres eran \u00c1ngel Berdayes P\u00e9rez y \u00c1ngeles Allende Pel\u00e1ez, nacieron y vivieron en un pueblo de Cangas de On\u00eds llamado San Mart\u00edn de Grazanes. Viv\u00edan del campo, donde cultivaban ma\u00edz, fabas, ajos, patatas\u2026 Y tambi\u00e9n ten\u00edan  una o dos vacas.<\/p>\n\n\n\n<p>N\u00e9lida reci\u00e9n cumpl\u00eda los siete a\u00f1os cuando comenz\u00f3 la Guerra Civil espa\u00f1ola. Debido a esto no puedo ir a la escuela hasta que la Guerra Civil terminara, aunque en 1939 comenzara solo fue cinco a\u00f1os, donde aprendi\u00f3 a leer y a escribir, que era lo mas importante y tambi\u00e9n le aprendieron a sumar y restar. En San Mart\u00edn no hab\u00eda escuela y tenia que desplazarse dos kilometros gasta llegar a otro pueblo llamado Bece\u00f1a.<br>En 1944 termin\u00f3 la escuela y sus padres la mandaron a clases de costura en los pueblos vecinos de Mestas de Con y Corao, otros dos pueblos del concejo de Cangas de On\u00eds. A esto si le dedic\u00f3 m\u00e1s tiempo que a la escuela, ya que hasta que se cas\u00f3 no termin\u00f3 estas clases, en 1950.<\/p>\n","protected":false},"excerpt":{"rendered":"<p>Mi abuela, Eloina N\u00e9lida Berdayes Allende, naci\u00f3 el 10 de julio de 1929. Era hija \u00fanica, ya que tuvo una hermana pero al poco de nacer se muri\u00f3 de una enfermedad. Sus padres eran \u00c1ngel Berdayes P\u00e9rez y \u00c1ngeles Allende Pel\u00e1ez, nacieron y vivieron en un pueblo de Cangas de On\u00eds llamado San Mart\u00edn de [&hellip;]<\/p>\n","protected":false},"author":1,"featured_media":6537,"comment_status":"closed","ping_status":"closed","sticky":false,"template":"","format":"standard","meta":{"_et_pb_use_builder":"off","_et_pb_old_content":"","_et_gb_content_width":"","footnotes":""},"categories":[18,44,1],"tags":[],"class_list":["post-6411","post","type-post","status-publish","format-standard","has-post-thumbnail","hentry","category-oral","category-proyectos-2021-22","category-sin-categoria"],"_links":{"self":[{"href":"https:\/\/investiga.puenteromano.net\/index.php\/wp-json\/wp\/v2\/posts\/6411","targetHints":{"allow":["GET"]}}],"collection":[{"href":"https:\/\/investiga.puenteromano.net\/index.php\/wp-json\/wp\/v2\/posts"}],"about":[{"href":"https:\/\/investiga.puenteromano.net\/index.php\/wp-json\/wp\/v2\/types\/post"}],"author":[{"embeddable":true,"href":"https:\/\/investiga.puenteromano.net\/index.php\/wp-json\/wp\/v2\/users\/1"}],"replies":[{"embeddable":true,"href":"https:\/\/investiga.puenteromano.net\/index.php\/wp-json\/wp\/v2\/comments?post=6411"}],"version-history":[{"count":2,"href":"https:\/\/investiga.puenteromano.net\/index.php\/wp-json\/wp\/v2\/posts\/6411\/revisions"}],"predecessor-version":[{"id":6413,"href":"https:\/\/investiga.puenteromano.net\/index.php\/wp-json\/wp\/v2\/posts\/6411\/revisions\/6413"}],"wp:featuredmedia":[{"embeddable":true,"href":"https:\/\/investiga.puenteromano.net\/index.php\/wp-json\/wp\/v2\/media\/6537"}],"wp:attachment":[{"href":"https:\/\/investiga.puenteromano.net\/index.php\/wp-json\/wp\/v2\/media?parent=6411"}],"wp:term":[{"taxonomy":"category","embeddable":true,"href":"https:\/\/investiga.puenteromano.net\/index.php\/wp-json\/wp\/v2\/categories?post=6411"},{"taxonomy":"post_tag","embeddable":true,"href":"https:\/\/investiga.puenteromano.net\/index.php\/wp-json\/wp\/v2\/tags?post=6411"}],"curies":[{"name":"wp","href":"https:\/\/api.w.org\/{rel}","templated":true}]}}