{"id":5079,"date":"2022-03-19T14:59:56","date_gmt":"2022-03-19T13:59:56","guid":{"rendered":"https:\/\/investiga.puenteromano.net\/?p=5079"},"modified":"2022-03-26T20:07:09","modified_gmt":"2022-03-26T19:07:09","slug":"la-casa-de-los-priede","status":"publish","type":"post","link":"https:\/\/investiga.puenteromano.net\/index.php\/2022\/03\/19\/la-casa-de-los-priede\/","title":{"rendered":"La casa de los Priede."},"content":{"rendered":"\n<ul class=\"wp-block-list\"><li>Identificaci\u00f3n del recurso: Casa de piedra construida h.1910.<\/li><li>Localizaci\u00f3n: Sames, Amieva, Asturias.<\/li><li>Estado de conservaci\u00f3n: en buen estado, no habitada pero en uso a modo de almac\u00e9n.<\/li><li>Informadores: Ana Jes\u00fas L\u00f3pez y Jos\u00e9 F\u00e9lix Fern\u00e1ndez.<\/li><li>Autora: Alba Fern\u00e1ndez<\/li><\/ul>\n\n\n\n<p><strong>Alba Fern\u00e1ndez. <\/strong>En la localidad de Sames habitaba una familia a la que todo el pueblo se refer\u00eda por su apellido, <em>\u00abLos Priede\u00bb<\/em>. Tras los primeros golpes de fuerza que precedieron a la Guerra Civil espa\u00f1ola los tres hermanos, Luis, Jes\u00fas y Mar\u00eda emigraron al estado de Puebla, M\u00e9xico, donde comenzaron a hacer negocio en la industria textil haciendo fortuna de ello.<\/p>\n\n\n\n<p>Con el avance de la Guerra Civil cada vez se requer\u00eda mayor implicaci\u00f3n ciudadana, no solo en el ejercito sino tambi\u00e9n consiguiendo la implicaci\u00f3n de las mujeres en pol\u00edtica. La guerra afectaba no solo a la capital, pues tambi\u00e9n lleg\u00f3 a los lugares m\u00e1s remotos: en el caso de Sames la casa de <em>Los Priede<\/em> se convirti\u00f3 en una comandancia militar perteneciente al bando nacional. En ellas se organizaban las unidades militares e incluso en casos de necesidad se reten\u00eda a rehenes del bando republicano.<\/p>\n\n\n\n<p>Tras finalizar la Guerra Civil y con la poblaci\u00f3n tratando de volver a la normalidad <em>Los Priede<\/em> recuperaron su casa pero no volvieron a vivir en ella. En algunas ocasiones, Mar\u00eda y Jes\u00fas volv\u00edan a la casa a disfrutar de unas peque\u00f1as vacaciones, pero Luis pocas veces volvi\u00f3 a la que alg\u00fan d\u00eda fue su casa.<\/p>\n\n\n\n<p>Hoy la casa no cumple la funci\u00f3n de vivienda; pero funciona como almac\u00e9n de utensilios agrarios para Oscar Fern\u00e1ndez, vecino de Sames.<\/p>\n","protected":false},"excerpt":{"rendered":"<p>Identificaci\u00f3n del recurso: Casa de piedra construida h.1910. Localizaci\u00f3n: Sames, Amieva, Asturias. Estado de conservaci\u00f3n: en buen estado, no habitada pero en uso a modo de almac\u00e9n. Informadores: Ana Jes\u00fas L\u00f3pez y Jos\u00e9 F\u00e9lix Fern\u00e1ndez. Autora: Alba Fern\u00e1ndez Alba Fern\u00e1ndez. En la localidad de Sames habitaba una familia a la que todo el pueblo se [&hellip;]<\/p>\n","protected":false},"author":1,"featured_media":5190,"comment_status":"closed","ping_status":"closed","sticky":false,"template":"","format":"standard","meta":{"_et_pb_use_builder":"off","_et_pb_old_content":"","_et_gb_content_width":"","footnotes":""},"categories":[46,11,38,47,18],"tags":[],"class_list":["post-5079","post","type-post","status-publish","format-standard","has-post-thumbnail","hentry","category-hojas-de-registro","category-lugares","category-memoria-historica","category-mundo-rural","category-oral"],"_links":{"self":[{"href":"https:\/\/investiga.puenteromano.net\/index.php\/wp-json\/wp\/v2\/posts\/5079","targetHints":{"allow":["GET"]}}],"collection":[{"href":"https:\/\/investiga.puenteromano.net\/index.php\/wp-json\/wp\/v2\/posts"}],"about":[{"href":"https:\/\/investiga.puenteromano.net\/index.php\/wp-json\/wp\/v2\/types\/post"}],"author":[{"embeddable":true,"href":"https:\/\/investiga.puenteromano.net\/index.php\/wp-json\/wp\/v2\/users\/1"}],"replies":[{"embeddable":true,"href":"https:\/\/investiga.puenteromano.net\/index.php\/wp-json\/wp\/v2\/comments?post=5079"}],"version-history":[{"count":5,"href":"https:\/\/investiga.puenteromano.net\/index.php\/wp-json\/wp\/v2\/posts\/5079\/revisions"}],"predecessor-version":[{"id":5945,"href":"https:\/\/investiga.puenteromano.net\/index.php\/wp-json\/wp\/v2\/posts\/5079\/revisions\/5945"}],"wp:featuredmedia":[{"embeddable":true,"href":"https:\/\/investiga.puenteromano.net\/index.php\/wp-json\/wp\/v2\/media\/5190"}],"wp:attachment":[{"href":"https:\/\/investiga.puenteromano.net\/index.php\/wp-json\/wp\/v2\/media?parent=5079"}],"wp:term":[{"taxonomy":"category","embeddable":true,"href":"https:\/\/investiga.puenteromano.net\/index.php\/wp-json\/wp\/v2\/categories?post=5079"},{"taxonomy":"post_tag","embeddable":true,"href":"https:\/\/investiga.puenteromano.net\/index.php\/wp-json\/wp\/v2\/tags?post=5079"}],"curies":[{"name":"wp","href":"https:\/\/api.w.org\/{rel}","templated":true}]}}