{"id":474,"date":"2020-04-04T07:13:01","date_gmt":"2020-04-04T05:13:01","guid":{"rendered":"https:\/\/investiga.puenteromano.net\/?p=474"},"modified":"2020-10-14T18:09:18","modified_gmt":"2020-10-14T16:09:18","slug":"el-moniellu","status":"publish","type":"post","link":"https:\/\/investiga.puenteromano.net\/index.php\/2020\/04\/04\/el-moniellu\/","title":{"rendered":"El Moniellu"},"content":{"rendered":"\n<h4 class=\"wp-block-heading\">Un barrio en la Casta\u00f1era \u00aboriginal\u00bb<\/h4>\n\n\n\n<p><strong>Luc\u00eda Mart\u00ednez Aladro.<\/strong><\/p>\n\n\n\n<p class=\"has-drop-cap has-text-align-left\">El Moniellu es un peque\u00f1o barrio de Casta\u00f1era en el que se encuentran tres casas y dos cuadras, con un h\u00f3rreo entre ellas. Actualmente solo se conserva en buen estado una de las casas, teniendo en cuenta que la otra est\u00e1 en ruinas y que de la tercera solo se mantienen las paredes exteriores. Dos de las casas ten\u00edan cuadras que todav\u00eda se diferencian en su estructura. Del h\u00f3rreo s\u00f3lo quedan los cimientos. <\/p>\n\n\n\n<figure class=\"wp-block-gallery columns-2 is-cropped wp-block-gallery-1 is-layout-flex wp-block-gallery-is-layout-flex\"><ul class=\"blocks-gallery-grid\"><li class=\"blocks-gallery-item\"><figure><img loading=\"lazy\" decoding=\"async\" width=\"1024\" height=\"762\" src=\"https:\/\/investiga.puenteromano.net\/wp-content\/uploads\/2020\/04\/El-Moniellu-2-1024x762.png\" alt=\"\" data-id=\"517\" data-full-url=\"https:\/\/investiga.puenteromano.net\/wp-content\/uploads\/2020\/04\/El-Moniellu-2.png\" data-link=\"https:\/\/investiga.puenteromano.net\/?attachment_id=517\" class=\"wp-image-517\" srcset=\"https:\/\/investiga.puenteromano.net\/wp-content\/uploads\/2020\/04\/El-Moniellu-2-1024x762.png 1024w, https:\/\/investiga.puenteromano.net\/wp-content\/uploads\/2020\/04\/El-Moniellu-2-300x223.png 300w, https:\/\/investiga.puenteromano.net\/wp-content\/uploads\/2020\/04\/El-Moniellu-2-768x572.png 768w, https:\/\/investiga.puenteromano.net\/wp-content\/uploads\/2020\/04\/El-Moniellu-2.png 1052w\" sizes=\"auto, (max-width: 1024px) 100vw, 1024px\" \/><\/figure><\/li><li class=\"blocks-gallery-item\"><figure><img loading=\"lazy\" decoding=\"async\" width=\"1024\" height=\"765\" src=\"https:\/\/investiga.puenteromano.net\/wp-content\/uploads\/2020\/04\/El-Moniellu-3-1024x765.png\" alt=\"\" data-id=\"518\" data-full-url=\"https:\/\/investiga.puenteromano.net\/wp-content\/uploads\/2020\/04\/El-Moniellu-3.png\" data-link=\"https:\/\/investiga.puenteromano.net\/?attachment_id=518\" class=\"wp-image-518\" srcset=\"https:\/\/investiga.puenteromano.net\/wp-content\/uploads\/2020\/04\/El-Moniellu-3-1024x765.png 1024w, https:\/\/investiga.puenteromano.net\/wp-content\/uploads\/2020\/04\/El-Moniellu-3-300x224.png 300w, https:\/\/investiga.puenteromano.net\/wp-content\/uploads\/2020\/04\/El-Moniellu-3-768x574.png 768w, https:\/\/investiga.puenteromano.net\/wp-content\/uploads\/2020\/04\/El-Moniellu-3.png 1052w\" sizes=\"auto, (max-width: 1024px) 100vw, 1024px\" \/><\/figure><\/li><\/ul><figcaption class=\"blocks-gallery-caption\">Edificaciones y vestigios de <em>El Moniellu<\/em> (Casta\u00f1era, Parres). Luc\u00eda F.A.<\/figcaption><\/figure>\n\n\n\n<p>Limitando el barrio hab\u00eda unos cuantos huertos; ahora solo quedan dos, pues los dem\u00e1s se convirtieron en bosque. En una parte de las que limitan el barrio, se encuentra la riega de La Gascona (1), que baja desde una fuente situada en el bosque de Cuadrove\u00f1a. En esta riega era habitual el aseo y lavado de ropa a\u00f1os atr\u00e1s. Tambi\u00e9n hab\u00eda en el barrio un antiguo bebedero del que no queda constancia, al que llegaba el agua para abastecer al ganado. <\/p>\n\n\n\n<p>En este peque\u00f1o barrio viv\u00edan unos 6 vecinos, y actualmente est\u00e1 deshabitado. Los descendientes de las familias que viv\u00edan en \u00e9l mantienen huertas donde hacen un cultivo rotativo, adem\u00e1s de unas cuantas gallinas en las antiguas cuadras. Los habitantes de los barrios vecinos sol\u00edan decir que <em>iban al Moniellu<\/em>, que seg\u00fan los entendidos en toponimia asturiana, procede de la palabra <em>mu\u00f1era<\/em> (2). \u00abMu\u00f1era\u00bb se refiere a un terreno elevado, o tambi\u00e9n a un lugar caracterizado por darse en \u00e9l la <em>mo\u00f1a<\/em>, que quiere decir \u00abenfermedad del ma\u00edz\u00bb. Probablemente hubo una plaga que acababa con el ma\u00edz y, en consecuencia, los vecinos empezaron a nombrarlo as\u00ed. <\/p>\n\n\n\n<p>El rinc\u00f3n se ubica en la Casta\u00f1era original, la olvidada despu\u00e9s de que la urbanizaci\u00f3n construida junto al Hospital se adue\u00f1ara del nombre, dejando este espacio del concejo de Parres desconocido para muchos de sus habitantes, que afirman no saber de su existencia.<\/p>\n\n\n\n<hr class=\"wp-block-separator\"\/>\n\n\n\n<ol class=\"wp-block-list\"><li>Soria Fern\u00e1ndez, Denis (2015): <em><strong>Oviedo antiguo IV: Carbayones, gascones y pelayas<\/strong><\/em>, en el blog: \u00ab<em><a href=\"https:\/\/denissoriawebes.wordpress.com\/2015\/09\/12\/oviedouvieo-iv-carbayones-gascones-y-pelayes\/\" target=\"_blank\" rel=\"noreferrer noopener\">Denis, Coses del pa\u00eds<\/a><\/em>\u00ab. La Gascona puede referirse a alg\u00fan antiguo residente de origen \u00abvasco\u00bb o \u00abgasc\u00f3n\u00bb, como pasa en la Calle Gascona, en Oviedo, donde se concentraban viviendas y negocios de personas procedentes del antiguo Ducado de Vasconia. <\/li><li>v. <strong>MU\u00d1ERA<\/strong>, en <a rel=\"noreferrer noopener\" href=\"https:\/\/mas.lne.es\/toponimia\/index.php?leer=187&amp;palabra=ndi\" target=\"_blank\">TOPONIMIA ASTURIANA<\/a>, de Xose Lluis Garc\u00eda Arias, Editorial Prensa Asturiana<\/li><\/ol>\n\n\n\n<hr class=\"wp-block-separator\"\/>\n\n\n\n<div class=\"wp-block-group\"><div class=\"wp-block-group__inner-container is-layout-flow wp-block-group-is-layout-flow\">\n<div class=\"wp-block-group\"><div class=\"wp-block-group__inner-container is-layout-flow wp-block-group-is-layout-flow\">\n<div class=\"wp-block-columns is-layout-flex wp-container-core-columns-is-layout-9d6595d7 wp-block-columns-is-layout-flex\">\n<div class=\"wp-block-column is-layout-flow wp-block-column-is-layout-flow\">\n<iframe loading=\"lazy\" src=\"https:\/\/www.google.com\/maps\/embed?pb=!1m18!1m12!1m3!1d6675.704977458421!2d-5.189642653248278!3d43.38008204447588!2m3!1f0!2f0!3f0!3m2!1i1024!2i768!4f13.1!3m3!1m2!1s0xd361861fd261557%3A0x94cec18a968c0173!2sCalle%20Casta%C3%B1era%2C%2033540%20Arriondas%2C%20Asturias!5e1!3m2!1ses!2ses!4v1585991554040!5m2!1ses!2ses\" width=\"400\" height=\"300\" frameborder=\"0\" style=\"border:0;\" allowfullscreen=\"\" aria-hidden=\"false\" tabindex=\"0\"><\/iframe>\n<\/div>\n\n\n\n<div class=\"wp-block-column is-layout-flow wp-block-column-is-layout-flow\">\n<h4 class=\"wp-block-heading\">Resumen<\/h4>\n\n\n\n<p><strong>El Moniellu<\/strong><\/p>\n\n\n\n<p>Barrio de Casta\u00f1era, parroquia de San Mart\u00edn de Tours, concejo de Parres.<\/p>\n\n\n\n<p>Localizaci\u00f3n: a pie, a 5 minutos de Casta\u00f1era.<\/p>\n\n\n\n<p>Deshabitado actualmente<\/p>\n\n\n\n<p>Autora: Luc\u00eda Mart\u00ednez Aladro<\/p>\n\n\n\n<p>Informante: Alfredo Mart\u00ednez Duarte<\/p>\n<\/div>\n<\/div>\n<\/div><\/div>\n<\/div><\/div>\n\n\n\n<p>__________________________________<\/p>\n","protected":false},"excerpt":{"rendered":"<p>Un barrio en la Casta\u00f1era \u00aboriginal\u00bb Luc\u00eda Mart\u00ednez Aladro. El Moniellu es un peque\u00f1o barrio de Casta\u00f1era en el que se encuentran tres casas y dos cuadras, con un h\u00f3rreo entre ellas. Actualmente solo se conserva en buen estado una de las casas, teniendo en cuenta que la otra est\u00e1 en ruinas y que de [&hellip;]<\/p>\n","protected":false},"author":1,"featured_media":515,"comment_status":"closed","ping_status":"closed","sticky":false,"template":"templates\/template-full-width.php","format":"standard","meta":{"_et_pb_use_builder":"","_et_pb_old_content":"","_et_gb_content_width":"","footnotes":""},"categories":[11,14],"tags":[],"class_list":["post-474","post","type-post","status-publish","format-standard","has-post-thumbnail","hentry","category-lugares","category-toponima"],"_links":{"self":[{"href":"https:\/\/investiga.puenteromano.net\/index.php\/wp-json\/wp\/v2\/posts\/474","targetHints":{"allow":["GET"]}}],"collection":[{"href":"https:\/\/investiga.puenteromano.net\/index.php\/wp-json\/wp\/v2\/posts"}],"about":[{"href":"https:\/\/investiga.puenteromano.net\/index.php\/wp-json\/wp\/v2\/types\/post"}],"author":[{"embeddable":true,"href":"https:\/\/investiga.puenteromano.net\/index.php\/wp-json\/wp\/v2\/users\/1"}],"replies":[{"embeddable":true,"href":"https:\/\/investiga.puenteromano.net\/index.php\/wp-json\/wp\/v2\/comments?post=474"}],"version-history":[{"count":24,"href":"https:\/\/investiga.puenteromano.net\/index.php\/wp-json\/wp\/v2\/posts\/474\/revisions"}],"predecessor-version":[{"id":881,"href":"https:\/\/investiga.puenteromano.net\/index.php\/wp-json\/wp\/v2\/posts\/474\/revisions\/881"}],"wp:featuredmedia":[{"embeddable":true,"href":"https:\/\/investiga.puenteromano.net\/index.php\/wp-json\/wp\/v2\/media\/515"}],"wp:attachment":[{"href":"https:\/\/investiga.puenteromano.net\/index.php\/wp-json\/wp\/v2\/media?parent=474"}],"wp:term":[{"taxonomy":"category","embeddable":true,"href":"https:\/\/investiga.puenteromano.net\/index.php\/wp-json\/wp\/v2\/categories?post=474"},{"taxonomy":"post_tag","embeddable":true,"href":"https:\/\/investiga.puenteromano.net\/index.php\/wp-json\/wp\/v2\/tags?post=474"}],"curies":[{"name":"wp","href":"https:\/\/api.w.org\/{rel}","templated":true}]}}