{"id":4701,"date":"2022-03-21T18:13:49","date_gmt":"2022-03-21T17:13:49","guid":{"rendered":"https:\/\/investiga.puenteromano.net\/?p=4701"},"modified":"2022-03-26T18:22:42","modified_gmt":"2022-03-26T17:22:42","slug":"linde-de-pastos-entre-porrua-y-cabrales","status":"publish","type":"post","link":"https:\/\/investiga.puenteromano.net\/index.php\/2022\/03\/21\/linde-de-pastos-entre-porrua-y-cabrales\/","title":{"rendered":"Linde de pastos entre Porr\u00faa y Cabrales"},"content":{"rendered":"\n<p>Ventaniella, l\u00edmite entre Cabrales y Llanes. Lugar de las cruces. FLT.<\/p>\n\n\n\n<ul class=\"wp-block-list\"><li><em><strong>Identificaci\u00f3n del recurso<\/strong><\/em>: Linde de pastos entre Porr\u00faa y Cabrales.<\/li><\/ul>\n\n\n\n<ul class=\"wp-block-list\"><li><em><strong>Estado de conservaci\u00f3n<\/strong><\/em>: En desuso.<\/li><\/ul>\n\n\n\n<ul class=\"wp-block-list\"><li><em><strong>Localizaci\u00f3n\/acceso<\/strong><\/em>: Ventaniella, Sierra del Cuera.<\/li><\/ul>\n\n\n\n<ul class=\"wp-block-list\"><li><strong><em>Informador<\/em>es<\/strong>: Alejandro Haces Tam\u00e9s y Felix L\u00f3pez Traviesa.<\/li><\/ul>\n\n\n\n<ul class=\"wp-block-list\"><li><em><strong>Im\u00e1genes<\/strong><\/em>: Realizadas por F\u00e9lix L\u00f3pez Traviesa.<\/li><\/ul>\n\n\n\n<ul class=\"wp-block-list\"><li><em><strong>Autora<\/strong><\/em>: Candela L\u00f3pez Herrer\u00eda.<\/li><\/ul>\n\n\n\n<figure class=\"wp-block-gallery has-nested-images columns-default is-cropped wp-block-gallery-1 is-layout-flex wp-block-gallery-is-layout-flex\">\n<figure class=\"wp-block-image size-large\"><img loading=\"lazy\" decoding=\"async\" width=\"832\" height=\"1024\" data-id=\"5510\" src=\"https:\/\/investiga.puenteromano.net\/wp-content\/uploads\/2022\/03\/IMG_20220321_172029-3-832x1024.jpg\" alt=\"\" class=\"wp-image-5510\" srcset=\"https:\/\/investiga.puenteromano.net\/wp-content\/uploads\/2022\/03\/IMG_20220321_172029-3-832x1024.jpg 832w, https:\/\/investiga.puenteromano.net\/wp-content\/uploads\/2022\/03\/IMG_20220321_172029-3-480x591.jpg 480w\" sizes=\"auto, (min-width: 0px) and (max-width: 480px) 480px, (min-width: 481px) 832px, 100vw\" \/><figcaption>Pisada del buey<\/figcaption><\/figure>\n\n\n\n<figure class=\"wp-block-image size-large\"><img loading=\"lazy\" decoding=\"async\" width=\"576\" height=\"1024\" data-id=\"5511\" src=\"https:\/\/investiga.puenteromano.net\/wp-content\/uploads\/2022\/03\/IMG-20220320-WA0020-2-576x1024.jpg\" alt=\"\" class=\"wp-image-5511\" srcset=\"https:\/\/investiga.puenteromano.net\/wp-content\/uploads\/2022\/03\/IMG-20220320-WA0020-2-576x1024.jpg 576w, https:\/\/investiga.puenteromano.net\/wp-content\/uploads\/2022\/03\/IMG-20220320-WA0020-2-480x853.jpg 480w\" sizes=\"auto, (min-width: 0px) and (max-width: 480px) 480px, (min-width: 481px) 576px, 100vw\" \/><figcaption>Pisada de la mula<\/figcaption><\/figure>\n<\/figure>\n\n\n\n<p><strong>Candela L\u00f3pez. <\/strong>En la sierra del Cuera se puede ver c\u00f3mo los pastores establec\u00edan antiguamente la divisi\u00f3n de los diferentes pastos. El linde entre Cabrales y Llanes se encuentra en Ventaniellla, y a unos 100 metros, se encuentra el l\u00edmite de pastos entre Porr\u00faa y Cabrales.<\/p>\n\n\n\n<p>La sierra de Cuera es una sierra en la que los pastos son muy escasos. en concreto, la zona de Porr\u00faa casi no ten\u00eda pastos de altura en donde realizar sus actividades de verano; sin embargo, la zona de Cabrales era mucho m\u00e1s rica en pastos.<\/p>\n\n\n\n<p>Hay una leyenda que dice que para que ambas zonas equilibraran su territorio, se soltar\u00eda una mula desde Porr\u00faa, en Llanes, y un buey desde Carre\u00f1a, Cabrales. Donde se encontrasen estos animales se dividir\u00edan los pastos.<\/p>\n\n\n\n<p>Hoy d\u00eda, muy cerca de Ventaniella (a unos 100 m.) se encuentra una huella que es reconocida como <em>huella de una mula<\/em> y a unos dos metros otra huella; en esta ocasi\u00f3n, la <em>huella de un buey<\/em>. Adem\u00e1s, a unos 100 metros, en una piedra se encuentran dos cruces en relieve, una en la parte posterior de la piedra y otra en uno de los cantos. El lugar es denominado como Ventaniella, y se dice que antiguamente los l\u00edmites entre los concejos, como casi todo en esos tiempos, se realizaba de acuerdo con signos religiosos. Estas dos cruces, antes, eran el linde entre Llanes y Cabrales.<\/p>\n\n\n\n<figure class=\"wp-block-gallery has-nested-images columns-default is-cropped wp-block-gallery-2 is-layout-flex wp-block-gallery-is-layout-flex\">\n<figure class=\"wp-block-image size-large\"><img loading=\"lazy\" decoding=\"async\" width=\"576\" height=\"1024\" data-id=\"5523\" src=\"https:\/\/investiga.puenteromano.net\/wp-content\/uploads\/2022\/03\/IMG-20220320-WA0021-2-576x1024.jpg\" alt=\"\" class=\"wp-image-5523\" srcset=\"https:\/\/investiga.puenteromano.net\/wp-content\/uploads\/2022\/03\/IMG-20220320-WA0021-2-576x1024.jpg 576w, https:\/\/investiga.puenteromano.net\/wp-content\/uploads\/2022\/03\/IMG-20220320-WA0021-2-480x853.jpg 480w\" sizes=\"auto, (min-width: 0px) and (max-width: 480px) 480px, (min-width: 481px) 576px, 100vw\" \/><figcaption>Piedra con  las dos cruces<\/figcaption><\/figure>\n\n\n\n<figure class=\"wp-block-image size-large\"><img loading=\"lazy\" decoding=\"async\" width=\"576\" height=\"1024\" data-id=\"5521\" src=\"https:\/\/investiga.puenteromano.net\/wp-content\/uploads\/2022\/03\/IMG-20220320-WA0024-576x1024.jpg\" alt=\"\" class=\"wp-image-5521\" srcset=\"https:\/\/investiga.puenteromano.net\/wp-content\/uploads\/2022\/03\/IMG-20220320-WA0024-576x1024.jpg 576w, https:\/\/investiga.puenteromano.net\/wp-content\/uploads\/2022\/03\/IMG-20220320-WA0024-480x853.jpg 480w\" sizes=\"auto, (min-width: 0px) and (max-width: 480px) 480px, (min-width: 481px) 576px, 100vw\" \/><figcaption>Cruz en la parte superior de la piedra<\/figcaption><\/figure>\n\n\n\n<figure class=\"wp-block-image size-large\"><img loading=\"lazy\" decoding=\"async\" width=\"576\" height=\"1024\" data-id=\"5520\" src=\"https:\/\/investiga.puenteromano.net\/wp-content\/uploads\/2022\/03\/IMG-20220320-WA0022-576x1024.jpg\" alt=\"\" class=\"wp-image-5520\" srcset=\"https:\/\/investiga.puenteromano.net\/wp-content\/uploads\/2022\/03\/IMG-20220320-WA0022-576x1024.jpg 576w, https:\/\/investiga.puenteromano.net\/wp-content\/uploads\/2022\/03\/IMG-20220320-WA0022-480x853.jpg 480w\" sizes=\"auto, (min-width: 0px) and (max-width: 480px) 480px, (min-width: 481px) 576px, 100vw\" \/><figcaption>Cruz en un lateral de la piedra<\/figcaption><\/figure>\n\n\n\n<figure class=\"wp-block-image size-large\"><img loading=\"lazy\" decoding=\"async\" width=\"1024\" height=\"576\" data-id=\"5524\" src=\"https:\/\/investiga.puenteromano.net\/wp-content\/uploads\/2022\/03\/Picsart_22-03-21_17-22-18-907-3-1024x576.jpg\" alt=\"\" class=\"wp-image-5524\" srcset=\"https:\/\/investiga.puenteromano.net\/wp-content\/uploads\/2022\/03\/Picsart_22-03-21_17-22-18-907-3-980x551.jpg 980w, https:\/\/investiga.puenteromano.net\/wp-content\/uploads\/2022\/03\/Picsart_22-03-21_17-22-18-907-3-480x270.jpg 480w\" sizes=\"auto, (min-width: 0px) and (max-width: 480px) 480px, (min-width: 481px) and (max-width: 980px) 980px, (min-width: 981px) 1024px, 100vw\" \/><figcaption>Ventaniella visto desde el linde de pastos<\/figcaption><\/figure>\n<\/figure>\n","protected":false},"excerpt":{"rendered":"<p>Ventaniella, l\u00edmite entre Cabrales y Llanes. Lugar de las cruces. FLT. Identificaci\u00f3n del recurso: Linde de pastos entre Porr\u00faa y Cabrales. Estado de conservaci\u00f3n: En desuso. Localizaci\u00f3n\/acceso: Ventaniella, Sierra del Cuera. Informadores: Alejandro Haces Tam\u00e9s y Felix L\u00f3pez Traviesa. Im\u00e1genes: Realizadas por F\u00e9lix L\u00f3pez Traviesa. Autora: Candela L\u00f3pez Herrer\u00eda. Candela L\u00f3pez. En la sierra del [&hellip;]<\/p>\n","protected":false},"author":1,"featured_media":5499,"comment_status":"closed","ping_status":"closed","sticky":false,"template":"","format":"standard","meta":{"_et_pb_use_builder":"off","_et_pb_old_content":"","_et_gb_content_width":"","footnotes":""},"categories":[46,11,32,47,13],"tags":[],"class_list":["post-4701","post","type-post","status-publish","format-standard","has-post-thumbnail","hentry","category-hojas-de-registro","category-lugares","category-montana","category-mundo-rural","category-paisaje"],"_links":{"self":[{"href":"https:\/\/investiga.puenteromano.net\/index.php\/wp-json\/wp\/v2\/posts\/4701","targetHints":{"allow":["GET"]}}],"collection":[{"href":"https:\/\/investiga.puenteromano.net\/index.php\/wp-json\/wp\/v2\/posts"}],"about":[{"href":"https:\/\/investiga.puenteromano.net\/index.php\/wp-json\/wp\/v2\/types\/post"}],"author":[{"embeddable":true,"href":"https:\/\/investiga.puenteromano.net\/index.php\/wp-json\/wp\/v2\/users\/1"}],"replies":[{"embeddable":true,"href":"https:\/\/investiga.puenteromano.net\/index.php\/wp-json\/wp\/v2\/comments?post=4701"}],"version-history":[{"count":18,"href":"https:\/\/investiga.puenteromano.net\/index.php\/wp-json\/wp\/v2\/posts\/4701\/revisions"}],"predecessor-version":[{"id":5912,"href":"https:\/\/investiga.puenteromano.net\/index.php\/wp-json\/wp\/v2\/posts\/4701\/revisions\/5912"}],"wp:featuredmedia":[{"embeddable":true,"href":"https:\/\/investiga.puenteromano.net\/index.php\/wp-json\/wp\/v2\/media\/5499"}],"wp:attachment":[{"href":"https:\/\/investiga.puenteromano.net\/index.php\/wp-json\/wp\/v2\/media?parent=4701"}],"wp:term":[{"taxonomy":"category","embeddable":true,"href":"https:\/\/investiga.puenteromano.net\/index.php\/wp-json\/wp\/v2\/categories?post=4701"},{"taxonomy":"post_tag","embeddable":true,"href":"https:\/\/investiga.puenteromano.net\/index.php\/wp-json\/wp\/v2\/tags?post=4701"}],"curies":[{"name":"wp","href":"https:\/\/api.w.org\/{rel}","templated":true}]}}