{"id":2752,"date":"2021-05-08T16:39:00","date_gmt":"2021-05-08T14:39:00","guid":{"rendered":"https:\/\/investiga.puenteromano.net\/?p=2752"},"modified":"2021-05-16T14:53:43","modified_gmt":"2021-05-16T12:53:43","slug":"michel-onfray","status":"publish","type":"post","link":"https:\/\/investiga.puenteromano.net\/index.php\/2021\/05\/08\/michel-onfray\/","title":{"rendered":"Michel Onfray"},"content":{"rendered":"\n<p>Michel Onfray es un filosofo franc\u00e9s que naci\u00f3 en 1959 y que public\u00f3 al rededor de 100 obras en las que plantea una idea materialista, \u00e9tica y atea. Para \u00e9l, no hay filosof\u00eda sin ciencia, sociolog\u00eda ni psicolog\u00eda. Adem\u00e1s pertenece a una generaci\u00f3n de pensadores afines a la corriente individualista anarquista. <\/p>\n\n\n\n<p>Promueve un socialismo liberal, ya que considera que el capitalismo es inaccesible y esta relacionado con la tierra y con la escasez. A su vez, se diferencia de la tradici\u00f3n de car\u00e1cter marxista. Diferenciando capitalismo y liberalismo argumentando que el capitalismo es la forma de producci\u00f3n y el liberalismo es el modo de distribuci\u00f3n. <\/p>\n\n\n\n<p>Onfray, expone que las religiones son indefendibles como herramientas de soberan\u00eda y trato con la realidad, Por ello, en su <em>Tratado de ateolog\u00eda<\/em>, hace una cr\u00edtica del la religi\u00f3n presentando un rechazo a la existencia de lo trasncendente y promoviendo el inter\u00e9s por \u00abnuestro bien verdadero\u00bb .<\/p>\n\n\n\n<p>Algunas de sus obras son; <em>El vientre de los fil\u00f3sofos. Cr\u00edtica de la Raz\u00f3n Diet\u00e9tica&nbsp;<\/em>(publicada en franc\u00e9s en 1989), <em>Cinismos. Retrato de los fil\u00f3sofos llamados &#8216;Perros&#8217;<\/em> (publicada en franc\u00e9s en 1990) y <em>La construcci\u00f3n de uno mismo. La moral est\u00e9tica<\/em> (publicada en franc\u00e9s en 1993) entre otras. <\/p>\n","protected":false},"excerpt":{"rendered":"<p>Michel Onfray es un filosofo franc\u00e9s que naci\u00f3 en 1959 y que public\u00f3 al rededor de 100 obras en las que plantea una idea materialista, \u00e9tica y atea. Para \u00e9l, no hay filosof\u00eda sin ciencia, sociolog\u00eda ni psicolog\u00eda. Adem\u00e1s pertenece a una generaci\u00f3n de pensadores afines a la corriente individualista anarquista. Promueve un socialismo liberal, [&hellip;]<\/p>\n","protected":false},"author":1,"featured_media":2757,"comment_status":"closed","ping_status":"closed","sticky":false,"template":"","format":"standard","meta":{"_et_pb_use_builder":"off","_et_pb_old_content":"","_et_gb_content_width":"","footnotes":""},"categories":[1],"tags":[],"class_list":["post-2752","post","type-post","status-publish","format-standard","has-post-thumbnail","hentry","category-sin-categoria"],"_links":{"self":[{"href":"https:\/\/investiga.puenteromano.net\/index.php\/wp-json\/wp\/v2\/posts\/2752","targetHints":{"allow":["GET"]}}],"collection":[{"href":"https:\/\/investiga.puenteromano.net\/index.php\/wp-json\/wp\/v2\/posts"}],"about":[{"href":"https:\/\/investiga.puenteromano.net\/index.php\/wp-json\/wp\/v2\/types\/post"}],"author":[{"embeddable":true,"href":"https:\/\/investiga.puenteromano.net\/index.php\/wp-json\/wp\/v2\/users\/1"}],"replies":[{"embeddable":true,"href":"https:\/\/investiga.puenteromano.net\/index.php\/wp-json\/wp\/v2\/comments?post=2752"}],"version-history":[{"count":3,"href":"https:\/\/investiga.puenteromano.net\/index.php\/wp-json\/wp\/v2\/posts\/2752\/revisions"}],"predecessor-version":[{"id":3099,"href":"https:\/\/investiga.puenteromano.net\/index.php\/wp-json\/wp\/v2\/posts\/2752\/revisions\/3099"}],"wp:featuredmedia":[{"embeddable":true,"href":"https:\/\/investiga.puenteromano.net\/index.php\/wp-json\/wp\/v2\/media\/2757"}],"wp:attachment":[{"href":"https:\/\/investiga.puenteromano.net\/index.php\/wp-json\/wp\/v2\/media?parent=2752"}],"wp:term":[{"taxonomy":"category","embeddable":true,"href":"https:\/\/investiga.puenteromano.net\/index.php\/wp-json\/wp\/v2\/categories?post=2752"},{"taxonomy":"post_tag","embeddable":true,"href":"https:\/\/investiga.puenteromano.net\/index.php\/wp-json\/wp\/v2\/tags?post=2752"}],"curies":[{"name":"wp","href":"https:\/\/api.w.org\/{rel}","templated":true}]}}