{"id":2205,"date":"2021-05-05T10:03:33","date_gmt":"2021-05-05T08:03:33","guid":{"rendered":"https:\/\/investiga.puenteromano.net\/?p=2205"},"modified":"2021-05-05T10:09:08","modified_gmt":"2021-05-05T08:09:08","slug":"ortega-y-gasset","status":"publish","type":"post","link":"https:\/\/investiga.puenteromano.net\/index.php\/2021\/05\/05\/ortega-y-gasset\/","title":{"rendered":"Ortega y Gasset"},"content":{"rendered":"\n<p><strong>Luc\u00eda Fern\u00e1ndez Fdez<\/strong>. Ortega y Gasset (Madrid, 1833-1955) fue un fil\u00f3sofo y un ensayista espa\u00f1ol, exponente de la principal teor\u00eda del perspectivismo y la raz\u00f3n vital e hist\u00f3rica, ubicada en el movimiento del vigorismo. Curs\u00f3 sus estudios en el colegio Miraflores de Palo en M\u00e1laga y sus estudios universitarios en Madrid. Viaj\u00f3 a distintos pa\u00edses Europeos entre ellos Alemania donde asisti\u00f3 a los cursos del neokantiano&nbsp;<a href=\"https:\/\/www.biografiasyvidas.com\/biografia\/c\/cohen_hermann.htm\">Hermann Cohen<\/a>*. Adem\u00e1s, fue catedr\u00e1tico de metaf\u00edsica en la Universidad de Madrid entre 1919 y 1936.  La filosof\u00eda de Jos\u00e9 Ortega y Gasset se establece en la vida humana y su realizaci\u00f3n.<\/p>\n\n\n\n<p>El pensamiento de Ortega y Gasset pas\u00f3 por tres etapas: <em><a rel=\"noreferrer noopener\" href=\"https:\/\/www.boulesis.com\/node\/3666#:~:text=Teor%C3%ADa%20que%20defiende%20la%20existencia,m%C3%A1s%20adecuado%20para%20esta%20realidad.\" target=\"_blank\">El Objetivismo<\/a><\/em>, <em><a href=\"https:\/\/es.wikipedia.org\/wiki\/Perspectivismo\" target=\"_blank\" rel=\"noreferrer noopener\">El Perspectivismo<\/a><\/em> y <a rel=\"noreferrer noopener\" href=\"http:\/\/www.wikillerato.org\/Raciovitalismo._Ortega_y_Gasset.html\" target=\"_blank\"><em>El Raciovitalismo<\/em>.<\/a><\/p>\n\n\n\n<p>*Hermann Cohen fue un fil\u00f3sofo alem\u00e1n dedicado al comentario y reinterpretaci\u00f3n de la filosof\u00eda de Kant.<\/p>\n\n\n\n<h3 class=\"wp-block-heading\">\u00abYo conozco el mundo desde mi punto de vista\u00bb<\/h3>\n\n\n\n<p>La etapa del perspectivismo se desarrolla entre 1914-1923. Comienza con <em>Meditaciones del Quijote<\/em> (1). En esta \u00e9poca el pensador Ortega y Gasset describe la situaci\u00f3n espa\u00f1ola en <em>Espa\u00f1a invertebrada, 1921<\/em> (2)<\/p>\n\n\n\n<ol class=\"wp-block-list\"><li>Las Meditaciones del Quijote constituyen el primer libro del fil\u00f3sofo espa\u00f1ol Jos\u00e9 Ortega y Gasset, fue publicado en 1914. Se trata de un ensayo breve.<\/li><li>Espa\u00f1a invertebrada es una obra de Jos\u00e9 Ortega y Gasset la cual fue publicada en 1921 y en ella se analiza la crisis social y pol\u00edtica de la Espa\u00f1a de su tiempo<\/li><\/ol>\n\n\n\n<p>En el pensamiento <em><a rel=\"noreferrer noopener\" href=\"https:\/\/www.e-torredebabel.com\/Historia-de-la-filosofia\/Filosofiacontemporanea\/Ortega\/Ortega-Perspectivismo.htm\" target=\"_blank\">perspectivista<\/a><\/em> de Ortega y Gasset el autor afirma que, cada ser humano conoce la verdad desde su punto de vista por lo que, en cierto modo, se podr\u00eda hablar de un cierto relativismo pero  afirma la existencia de una verdad. Es decir, mientras el relativismo niega toda verdad Ortega y Gasset afirma la existencia de dicha verdad. La cual no podr\u00edamos llegar a conocer si no hacemos la suma de todas las perspectivas.<\/p>\n\n\n\n<blockquote class=\"wp-block-quote is-layout-flow wp-block-quote-is-layout-flow\"><p>\u00abYo soy yo y mi circunstancia y si no la salvo a ella, no me salvo yo\u00bb <\/p><cite>Ortega y Gasset <\/cite><\/blockquote>\n\n\n\n<p>La cita anterior quiere decir que para entender qui\u00e9n eres tu debes entender antes cuales son tus circunstancias.<\/p>\n\n\n\n<h3 class=\"wp-block-heading\">Reflexi\u00f3n<\/h3>\n\n\n\n<p>Cada ser humano posee su propio punto de vista y por ende su particular forma de entender y ver la  realidad. Para poder entender y conocer una aut\u00e9ntica  verdad debemos contrastar cada punto de vista de cada persona lo cual es sumamente complicado.<\/p>\n\n\n\n<h3 class=\"wp-block-heading\">Webgraf\u00eda:<\/h3>\n\n\n\n<p>(1) Wikipedia: <a rel=\"noreferrer noopener\" href=\"https:\/\/es.wikipedia.org\/wiki\/Jos%C3%A9_Ortega_y_Gasset\" target=\"_blank\">Biograf\u00eda Jos\u00e9 Ortega y Gasset<\/a>. Consultado el 30\/04\/2021<\/p>\n\n\n\n<p>(2)  Ruiza, M., Fern\u00e1ndez, T. y Tamaro, E. (2004).\u00a0<a rel=\"noreferrer noopener\" href=\"https:\/\/www.biografiasyvidas.com\/biografia\/o\/ortega.htm\" target=\"_blank\">Biografia de Jos\u00e9 Ortega y Gasset<\/a>. En\u00a0<em>Biograf\u00edas y Vidas. La enciclopedia biogr\u00e1fica en l\u00ednea<\/em>. Barcelona (Espa\u00f1a). Consultado el 30\/04\/2021<\/p>\n\n\n\n<p>(3) Echegoyen Olleta, Javier Historia de la Filosof\u00eda. Volumen 3: Filosof\u00eda Contempor\u00e1nea. Editorial Edinumen. <a rel=\"noreferrer noopener\" href=\"https:\/\/www.e-torredebabel.com\/Historia-de-la-filosofia\/Filosofiacontemporanea\/Ortega\/Ortega-Perspectivismo.htm\" target=\"_blank\">Perspectivismo<\/a>. Consultado el 30\/04\/2021<\/p>\n\n\n\n<p>(4)  Com\u00edn Daniel 19 julio, 2017 Autismo Diario <em><a rel=\"noreferrer noopener\" href=\"https:\/\/autismodiario.com\/2017\/07\/19\/yo-soy-yo-y-mi-circunstancia\/\" target=\"_blank\">Yo soy yo y mi circunstancia<\/a><\/em> Consultado el 30\/04\/2021<\/p>\n\n\n\n<p>(5) Wikipedia: <a rel=\"noreferrer noopener\" href=\"https:\/\/es.wikipedia.org\/wiki\/Perspectivismo\" target=\"_blank\">El perspectivismo de Ortega y Gasset<\/a>. Consultado el 30\/04\/2021<\/p>\n","protected":false},"excerpt":{"rendered":"<p>Luc\u00eda Fern\u00e1ndez Fdez. Ortega y Gasset (Madrid, 1833-1955) fue un fil\u00f3sofo y un ensayista espa\u00f1ol, exponente de la principal teor\u00eda del perspectivismo y la raz\u00f3n vital e hist\u00f3rica, ubicada en el movimiento del vigorismo. Curs\u00f3 sus estudios en el colegio Miraflores de Palo en M\u00e1laga y sus estudios universitarios en Madrid. Viaj\u00f3 a distintos pa\u00edses [&hellip;]<\/p>\n","protected":false},"author":1,"featured_media":2526,"comment_status":"closed","ping_status":"closed","sticky":false,"template":"","format":"standard","meta":{"_et_pb_use_builder":"","_et_pb_old_content":"","_et_gb_content_width":"","footnotes":""},"categories":[40],"tags":[],"class_list":["post-2205","post","type-post","status-publish","format-standard","has-post-thumbnail","hentry","category-pensadores"],"_links":{"self":[{"href":"https:\/\/investiga.puenteromano.net\/index.php\/wp-json\/wp\/v2\/posts\/2205","targetHints":{"allow":["GET"]}}],"collection":[{"href":"https:\/\/investiga.puenteromano.net\/index.php\/wp-json\/wp\/v2\/posts"}],"about":[{"href":"https:\/\/investiga.puenteromano.net\/index.php\/wp-json\/wp\/v2\/types\/post"}],"author":[{"embeddable":true,"href":"https:\/\/investiga.puenteromano.net\/index.php\/wp-json\/wp\/v2\/users\/1"}],"replies":[{"embeddable":true,"href":"https:\/\/investiga.puenteromano.net\/index.php\/wp-json\/wp\/v2\/comments?post=2205"}],"version-history":[{"count":22,"href":"https:\/\/investiga.puenteromano.net\/index.php\/wp-json\/wp\/v2\/posts\/2205\/revisions"}],"predecessor-version":[{"id":2585,"href":"https:\/\/investiga.puenteromano.net\/index.php\/wp-json\/wp\/v2\/posts\/2205\/revisions\/2585"}],"wp:featuredmedia":[{"embeddable":true,"href":"https:\/\/investiga.puenteromano.net\/index.php\/wp-json\/wp\/v2\/media\/2526"}],"wp:attachment":[{"href":"https:\/\/investiga.puenteromano.net\/index.php\/wp-json\/wp\/v2\/media?parent=2205"}],"wp:term":[{"taxonomy":"category","embeddable":true,"href":"https:\/\/investiga.puenteromano.net\/index.php\/wp-json\/wp\/v2\/categories?post=2205"},{"taxonomy":"post_tag","embeddable":true,"href":"https:\/\/investiga.puenteromano.net\/index.php\/wp-json\/wp\/v2\/tags?post=2205"}],"curies":[{"name":"wp","href":"https:\/\/api.w.org\/{rel}","templated":true}]}}