{"id":1953,"date":"2021-03-19T20:08:51","date_gmt":"2021-03-19T19:08:51","guid":{"rendered":"https:\/\/investiga.puenteromano.net\/?p=1953"},"modified":"2021-03-23T17:19:14","modified_gmt":"2021-03-23T16:19:14","slug":"la-vida-de-una-nina-en-la-guerra-civil-espanola","status":"publish","type":"post","link":"https:\/\/investiga.puenteromano.net\/index.php\/2021\/03\/19\/la-vida-de-una-nina-en-la-guerra-civil-espanola\/","title":{"rendered":"Una ni\u00f1a en la Guerra Civil"},"content":{"rendered":"\n<p><strong>Testimonio de Felicitas Campillo Campillo, Bulnes de Cabrales.<\/strong><\/p>\n\n\n\n<p><strong>Alberto Campillo L\u00f3pez<\/strong>. 19\/03\/21 Felicitas Campillo naci\u00f3 en 1834 en Bulnes de Arriba, uno de los dos barrios del pueblo, donde hab\u00eda unos 50 habitantes desde ni\u00f1os a ancianos en aquel momento. <br><\/p>\n\n\n\n<figure class=\"wp-block-image size-large is-resized\"><img loading=\"lazy\" decoding=\"async\" src=\"https:\/\/investiga.puenteromano.net\/wp-content\/uploads\/2021\/03\/DC387D69-DCA6-4EF0-A5D0-C59E5B5853CF.jpeg\" alt=\"\" class=\"wp-image-1956\" width=\"610\" height=\"391\" srcset=\"https:\/\/investiga.puenteromano.net\/wp-content\/uploads\/2021\/03\/DC387D69-DCA6-4EF0-A5D0-C59E5B5853CF.jpeg 515w, https:\/\/investiga.puenteromano.net\/wp-content\/uploads\/2021\/03\/DC387D69-DCA6-4EF0-A5D0-C59E5B5853CF-300x192.jpeg 300w\" sizes=\"auto, (max-width: 610px) 100vw, 610px\" \/><figcaption>Pueblo de Bulnes, autor desconocido <\/figcaption><\/figure>\n\n\n\n<p>Felicitas Campillo fue poco a la escuela por culpa de la guerra civil espa\u00f1ola, y antes de ir a la escuela acompa\u00f1aba a su madre a las ovejas a por leche para desayunar ella, sus hermanos y padres. <\/p>\n\n\n\n<p>Felicitas Campillo a su corta edad atend\u00eda el ganado y las labores de la casa, trabajando tanto como los hombres y las mujeres adultas.<br><\/p>\n\n\n\n<figure class=\"wp-block-image size-large is-resized\"><img loading=\"lazy\" decoding=\"async\" src=\"https:\/\/investiga.puenteromano.net\/wp-content\/uploads\/2021\/03\/7DE5E623-EA27-4E80-A4FE-C6465C12F112.jpeg\" alt=\"\" class=\"wp-image-1955\" width=\"609\" height=\"457\" srcset=\"https:\/\/investiga.puenteromano.net\/wp-content\/uploads\/2021\/03\/7DE5E623-EA27-4E80-A4FE-C6465C12F112.jpeg 473w, https:\/\/investiga.puenteromano.net\/wp-content\/uploads\/2021\/03\/7DE5E623-EA27-4E80-A4FE-C6465C12F112-300x225.jpeg 300w\" sizes=\"auto, (max-width: 609px) 100vw, 609px\" \/><figcaption>Casa de Felicitas Campillo y su familia, autor desconocido <\/figcaption><\/figure>\n\n\n\n<p>Felicitas a los 3 a\u00f1os tuvo que irse de Bulnes a vivir al puerto con su familia como consecuencia de la guerra civil, ya que su padre y t\u00edos eran republicanos. Cuando su padre se enter\u00f3 de que un batall\u00f3n del otro bando estaba por la zona se fueron a otra caba\u00f1a a\u00fan m\u00e1s alejada de Bulnes, pero dos de sus t\u00edos no tuvieron suerte pues los capturaron y ejecutaron en los propios Picos de Europa. <\/p>\n\n\n\n<p>Despu\u00e9s de esos a\u00f1os de guerra y de convivir ocho personas en una caba\u00f1a del puerto, con un poco de ganado para poder sobrevivir, volvieron a Bulnes con el resto de vecinos que consiguieron escapar de la represi\u00f3n de los \u00abnacionales\u00bb. Despu\u00e9s de todo aquello, el pueblo de Bulnes pudo vivir en paz y armon\u00eda.<\/p>\n\n\n\n<figure class=\"wp-block-image size-large\"><img loading=\"lazy\" decoding=\"async\" width=\"1024\" height=\"736\" src=\"https:\/\/investiga.puenteromano.net\/wp-content\/uploads\/2021\/03\/39CEA751-E918-4C9F-8F8F-FC298CBF2BC4-1024x736.jpeg\" alt=\"\" class=\"wp-image-1957\" srcset=\"https:\/\/investiga.puenteromano.net\/wp-content\/uploads\/2021\/03\/39CEA751-E918-4C9F-8F8F-FC298CBF2BC4-1024x736.jpeg 1024w, https:\/\/investiga.puenteromano.net\/wp-content\/uploads\/2021\/03\/39CEA751-E918-4C9F-8F8F-FC298CBF2BC4-300x216.jpeg 300w, https:\/\/investiga.puenteromano.net\/wp-content\/uploads\/2021\/03\/39CEA751-E918-4C9F-8F8F-FC298CBF2BC4-768x552.jpeg 768w, https:\/\/investiga.puenteromano.net\/wp-content\/uploads\/2021\/03\/39CEA751-E918-4C9F-8F8F-FC298CBF2BC4.jpeg 1200w\" sizes=\"auto, (max-width: 1024px) 100vw, 1024px\" \/><figcaption>Bando republicano subiendo de Poncebos a Bulnes. Fuente: concejodecabrales.com<\/figcaption><\/figure>\n","protected":false},"excerpt":{"rendered":"<p>Testimonio de Felicitas Campillo Campillo, Bulnes de Cabrales. Alberto Campillo L\u00f3pez. 19\/03\/21 Felicitas Campillo naci\u00f3 en 1834 en Bulnes de Arriba, uno de los dos barrios del pueblo, donde hab\u00eda unos 50 habitantes desde ni\u00f1os a ancianos en aquel momento. Felicitas Campillo fue poco a la escuela por culpa de la guerra civil espa\u00f1ola, y [&hellip;]<\/p>\n","protected":false},"author":1,"featured_media":0,"comment_status":"closed","ping_status":"","sticky":false,"template":"","format":"standard","meta":{"_et_pb_use_builder":"","_et_pb_old_content":"","_et_gb_content_width":"","footnotes":""},"categories":[1],"tags":[],"class_list":["post-1953","post","type-post","status-publish","format-standard","hentry","category-sin-categoria"],"_links":{"self":[{"href":"https:\/\/investiga.puenteromano.net\/index.php\/wp-json\/wp\/v2\/posts\/1953","targetHints":{"allow":["GET"]}}],"collection":[{"href":"https:\/\/investiga.puenteromano.net\/index.php\/wp-json\/wp\/v2\/posts"}],"about":[{"href":"https:\/\/investiga.puenteromano.net\/index.php\/wp-json\/wp\/v2\/types\/post"}],"author":[{"embeddable":true,"href":"https:\/\/investiga.puenteromano.net\/index.php\/wp-json\/wp\/v2\/users\/1"}],"replies":[{"embeddable":true,"href":"https:\/\/investiga.puenteromano.net\/index.php\/wp-json\/wp\/v2\/comments?post=1953"}],"version-history":[{"count":5,"href":"https:\/\/investiga.puenteromano.net\/index.php\/wp-json\/wp\/v2\/posts\/1953\/revisions"}],"predecessor-version":[{"id":1971,"href":"https:\/\/investiga.puenteromano.net\/index.php\/wp-json\/wp\/v2\/posts\/1953\/revisions\/1971"}],"wp:attachment":[{"href":"https:\/\/investiga.puenteromano.net\/index.php\/wp-json\/wp\/v2\/media?parent=1953"}],"wp:term":[{"taxonomy":"category","embeddable":true,"href":"https:\/\/investiga.puenteromano.net\/index.php\/wp-json\/wp\/v2\/categories?post=1953"},{"taxonomy":"post_tag","embeddable":true,"href":"https:\/\/investiga.puenteromano.net\/index.php\/wp-json\/wp\/v2\/tags?post=1953"}],"curies":[{"name":"wp","href":"https:\/\/api.w.org\/{rel}","templated":true}]}}