{"id":1750,"date":"2021-03-24T18:37:52","date_gmt":"2021-03-24T17:37:52","guid":{"rendered":"https:\/\/investiga.puenteromano.net\/?p=1750"},"modified":"2021-03-24T19:53:21","modified_gmt":"2021-03-24T18:53:21","slug":"traje-regional-de-cabraliega","status":"publish","type":"post","link":"https:\/\/investiga.puenteromano.net\/index.php\/2021\/03\/24\/traje-regional-de-cabraliega\/","title":{"rendered":"Traje de cabraliega"},"content":{"rendered":"\n<p><strong>Anabel Rodr\u00edguez<\/strong>. Como en muchas partes de Espa\u00f1a, donde es tradicional tener un traje o prenda t\u00edpico, es propio de Cabrales lucir el traje de Asturiana en las procesiones, para ofrecer los ramos el d\u00eda del santo.<\/p>\n\n\n\n<p>Si hay algo que tienen en com\u00fan las fiestas de los pueblos asturianos son los trajes regionales, una prenda a la que no se le da todo el valor que merece como esencia de nuestra tradici\u00f3n, como distintivo de la zona en la que vivimos y, sobre todo, como fruto del arduo trabajo que desarrollan ya muy pocas artesanas.<\/p>\n\n\n\n<p>En la zona oriental destaca el traje de <em>llanisca<\/em>, pero de no menos trabajo y valor es el traje de <em>cabraliega<\/em>. Habitualmente se dice de este \u00faltimo que es el \u00abtraje de pobre\u00bb, mientras que el de llanisca es el de rica. Sin embargo, los entendidos en la materia afirman que no es absolutamente cierto.<\/p>\n\n\n\n<p>Ambos atuendos se comenzaron a adornar con los corales que se tra\u00edan de Sevilla y de Am\u00e9rica hace ya muchos a\u00f1os. <\/p>\n\n\n\n<ul class=\"wp-block-list\"><li>\u00ab<em>Me acuerdo de o\u00edr a mi abuela Balbina que antes los trajes llevaban lentejuelas. El coral se empez\u00f3 a usar cuando viaj\u00f3 la gente a Sevilla y tambi\u00e9n cuando llegaban los indianos de Am\u00e9rica<\/em>\u00bb, relata Mar\u00eda Aurora D\u00edaz G\u00f3mez, vecina de Arenas de Cabrales de 70 a\u00f1os.<\/li><\/ul>\n\n\n\n<p>Antiguamente, la categor\u00eda de los trajes se reflejaba en el recargo de coral, que en las familias m\u00e1s pobres ser\u00eda m\u00ednimo o inexistente. Sin embargo, en las casas m\u00e1s acomodadas los ornamentaban con coral y abalorios abundantes, y por tanto resultaba llamativo y de m\u00e1s lujo en los d\u00edas de fiesta. <\/p>\n\n\n\n<p>Entre el traje de cabraliega y el de llanisca existen varias diferencias. Por un lado, en el de la zona costera los mandiles son de diferentes y vivos colores, mientras que el de Cabrales siempre es negro. Adem\u00e1s, el dibujo de la falda llanisca lleva tres tiras estrechas, y otras tres iguales a las primeras. El dibujo, bien sean flores u otro dise\u00f1o, va bordado en la falda.<\/p>\n\n\n\n<p>Las cabraliegas llevan en sus faldas una tira de terciopelo, y por cada tira, sigue debajo otra de coral en forma de picos u otras geometr\u00edas. Las tiras no van bordadas a la falda como en el dise\u00f1o llanisco. Sin embargo, en un solo pico de las de Cabrales, hay m\u00e1s coral que en una flor estampada de Llanes.<\/p>\n\n\n\n<p>Por lo general, el traje de Cabrales lleva m\u00e1s recargo de coral y por tanto exige m\u00e1s dedicaci\u00f3n en la costura y m\u00e1s tiempo en la elaboraci\u00f3n que han de emplear las artesanas. Aunque en teor\u00eda, sea \u00abtraje de pobre\u00bb.<\/p>\n\n\n\n<p><strong>Indumentaria<\/strong><\/p>\n\n\n\n<p>Las cabraliegas tambi\u00e9n lucen el pa\u00f1uelo, normalmente estampado, aunque no necesariamente coincidente con el de los cuerpos del vestido. El traje incluye pa\u00f1uelo, camisa, pololos, medias, enagua, falda, mandil, chaqueta, dengue, banda y zapato negro. Milagros D\u00edaz Carrera empez\u00f3 a coser de joven junto a su madre. Entre las dos hicieron muchos trajes y recuperaron trajes antiguos, de los que sacaron algunos patrones, como el traje del Palacio de Arenas de Cabrales. \u00ab<em>Tardas mucho tiempo en hacerlos y adem\u00e1s cuestan mucho dinero<\/em>\u00bb, asegura D\u00edaz Carrera.<\/p>\n\n\n\n<p>M\u00aa del Carmen Fern\u00e1ndez es otra vecina de Arenas que elabora estos trajes. Los ha hecho para sus hijas y sobrinas, adem\u00e1s de otros muchos que ha vendido:<\/p>\n\n\n\n<ul class=\"wp-block-list\"><li>\u00ab<em>Muchos los haces a gusto del cliente, a unas les gustan los flecos m\u00e1s largos, a otras m\u00e1s cortos, unas quieren picos, y otras otros dibujos\u00bb, explica.<\/em><\/li><\/ul>\n\n\n\n<p>A esta vecina le gusta sacar nuevas formas geom\u00e9tricas para hacer en coral. \u00ab<em>A veces el dibujo de una servilleta en un restaurante me da una idea para luego en casa dibujarlo y empezar a coser<\/em>\u00bb, comenta.<\/p>\n\n\n\n<p>El precio de estos trajes realmente artesanos se acerca a los 6.000 euros, un mill\u00f3n de las antiguas pesetas. No s\u00f3lo la materia prima es cara sino que, adem\u00e1s, son muchas las horas de trabajo que lleva su elaboraci\u00f3n.<\/p>\n\n\n\n<p>Por otro lado, y sobre todo en Arenas, gracias a la tradici\u00f3n del ramo y mucho m\u00e1s por el baile del Corri-Corri, muchas mujeres tienen traje propio. Gemma Lozano baila en el Corri-Corri, tiene su traje propio al igual que su hermana y su madre:<\/p>\n\n\n\n<ul class=\"wp-block-list\"><li> \u00ab<em>Normalmente el traje siempre llama la atenci\u00f3n y mucha gente nos pide permiso para sacarnos fotos. Tambi\u00e9n en el propio Llanes muchas mujeres se interesan por la elaboraci\u00f3n de estos trajes. No es la primera vez que despu\u00e9s de bailar, nos felicitan por lo bien que est\u00e1 el baile y parte de ello son elogios a nuestros trajes<\/em>\u00bb, asegura. A veces el &#8216;rico&#8217; tambi\u00e9n admira lo del &#8216;pobre&#8217;.<\/li><\/ul>\n\n\n\n<figure class=\"wp-block-image\"><img decoding=\"async\" src=\"https:\/\/docplayer.es\/docs-images\/80\/82303663\/images\/92-1.jpg\" alt=\"MEMORIA PARA LA INCOACI\u00d3N DE EXPEDIENTE DE DECLARACI\u00d3N DE BIEN DE INTER\u00c9S  CULTURAL DE CAR\u00c1CTER INMATERIAL CORRI-CORRI. Yolanda Cerra Bada - PDF  Descargar libre\" \/><\/figure>\n","protected":false},"excerpt":{"rendered":"<p>Anabel Rodr\u00edguez. Como en muchas partes de Espa\u00f1a, donde es tradicional tener un traje o prenda t\u00edpico, es propio de Cabrales lucir el traje de Asturiana en las procesiones, para ofrecer los ramos el d\u00eda del santo. Si hay algo que tienen en com\u00fan las fiestas de los pueblos asturianos son los trajes regionales, una [&hellip;]<\/p>\n","protected":false},"author":1,"featured_media":0,"comment_status":"closed","ping_status":"","sticky":false,"template":"","format":"standard","meta":{"_et_pb_use_builder":"","_et_pb_old_content":"","_et_gb_content_width":"","footnotes":""},"categories":[34,38,22,21],"tags":[],"class_list":["post-1750","post","type-post","status-publish","format-standard","hentry","category-feminismo","category-memoria-historica","category-objetos","category-tradiciones"],"_links":{"self":[{"href":"https:\/\/investiga.puenteromano.net\/index.php\/wp-json\/wp\/v2\/posts\/1750","targetHints":{"allow":["GET"]}}],"collection":[{"href":"https:\/\/investiga.puenteromano.net\/index.php\/wp-json\/wp\/v2\/posts"}],"about":[{"href":"https:\/\/investiga.puenteromano.net\/index.php\/wp-json\/wp\/v2\/types\/post"}],"author":[{"embeddable":true,"href":"https:\/\/investiga.puenteromano.net\/index.php\/wp-json\/wp\/v2\/users\/1"}],"replies":[{"embeddable":true,"href":"https:\/\/investiga.puenteromano.net\/index.php\/wp-json\/wp\/v2\/comments?post=1750"}],"version-history":[{"count":9,"href":"https:\/\/investiga.puenteromano.net\/index.php\/wp-json\/wp\/v2\/posts\/1750\/revisions"}],"predecessor-version":[{"id":3177,"href":"https:\/\/investiga.puenteromano.net\/index.php\/wp-json\/wp\/v2\/posts\/1750\/revisions\/3177"}],"wp:attachment":[{"href":"https:\/\/investiga.puenteromano.net\/index.php\/wp-json\/wp\/v2\/media?parent=1750"}],"wp:term":[{"taxonomy":"category","embeddable":true,"href":"https:\/\/investiga.puenteromano.net\/index.php\/wp-json\/wp\/v2\/categories?post=1750"},{"taxonomy":"post_tag","embeddable":true,"href":"https:\/\/investiga.puenteromano.net\/index.php\/wp-json\/wp\/v2\/tags?post=1750"}],"curies":[{"name":"wp","href":"https:\/\/api.w.org\/{rel}","templated":true}]}}