{"id":1153,"date":"2020-12-01T21:43:07","date_gmt":"2020-12-01T20:43:07","guid":{"rendered":"https:\/\/investiga.puenteromano.net\/?p=1153"},"modified":"2021-03-03T13:07:40","modified_gmt":"2021-03-03T12:07:40","slug":"la-casa-del-pan","status":"publish","type":"post","link":"https:\/\/investiga.puenteromano.net\/index.php\/2020\/12\/01\/la-casa-del-pan\/","title":{"rendered":"La casa del pan I"},"content":{"rendered":"\n<h2 class=\"has-text-align-left wp-block-heading\">Cuatro paredes y 100 a\u00f1os de historia.<\/h2>\n\n\n\n<p>\u00abLa\u00a0edificaci\u00f3n\u00a0se\u00a0encuentra\u00a0en una zona\u00a0llana,\u00a0elevada\u00a0y\u00a0equidistante\u00a0de los\u00a0r\u00edos\u00a0Sella y\u00a0Pilo\u00f1a. En el\u00a0margen\u00a0de la\u00a0carretera\u00a0local\u00a0[&#8230;] que\u00a0une\u00a0Santianes\u00a0del\u00a0Terr\u00f3n\u00a0y la\u00a0capilla\u00a0de San Jos\u00e9. <\/p>\n\n\n\n<p>El paisaje circundante est\u00e1 muy humanizado, con padrer\u00edas extensas entrelazadas con zonas boscosas y diferentes vaguadas que bajan a los dos r\u00edos antes citados. Es una zona del municipio que cuenta con pendientes suaves que permiten las vistas m\u00e1s distantes del paisaje espectacular del oriente de Asturias.\u00bb\u00a0<sub>1<\/sub><\/p>\n\n\n\n<p>Desde el bajo cubierta de la fachada sureste se pueden apreciar Los Picos de Europa, al fondo, y la Cerica en un plano m\u00e1s cercano. A su vez, la parte trasera de la casa ofrece vistas a la sierra de El Sueve.<\/p>\n\n\n\n<figure class=\"wp-block-image size-large\"><img loading=\"lazy\" decoding=\"async\" width=\"1024\" height=\"768\" src=\"https:\/\/investiga.puenteromano.net\/wp-content\/uploads\/2020\/12\/geolocalizacion-1-1024x768.jpg\" alt=\"\" class=\"wp-image-1179\" srcset=\"https:\/\/investiga.puenteromano.net\/wp-content\/uploads\/2020\/12\/geolocalizacion-1-1024x768.jpg 1024w, https:\/\/investiga.puenteromano.net\/wp-content\/uploads\/2020\/12\/geolocalizacion-1-300x225.jpg 300w, https:\/\/investiga.puenteromano.net\/wp-content\/uploads\/2020\/12\/geolocalizacion-1-768x576.jpg 768w, https:\/\/investiga.puenteromano.net\/wp-content\/uploads\/2020\/12\/geolocalizacion-1-1200x900.jpg 1200w, https:\/\/investiga.puenteromano.net\/wp-content\/uploads\/2020\/12\/geolocalizacion-1-rotated.jpg 1280w\" sizes=\"auto, (max-width: 1024px) 100vw, 1024px\" \/><figcaption>Ubicaci\u00f3n de las edificaciones en el terreno. Fotograf\u00eda extraida de la \u00abConsulta sobre el valor arquitect\u00f3nico de un conjunto de edificaciones tradicionales en S.N.U de inter\u00e9s agr\u00edcola.\u00bb<\/figcaption><\/figure>\n\n\n\n<p class=\"has-text-align-left\">Dichas&nbsp;edificaciones&nbsp;se&nbsp;encuentran&nbsp;en&nbsp;completo&nbsp;desuso,&nbsp; aunque&nbsp;los&nbsp;propietarios&nbsp;tienen&nbsp;pretensi\u00f3n&nbsp;de&nbsp;rehabilitar&nbsp;la&nbsp;vivienda&nbsp; manteniendo&nbsp;los&nbsp;m\u00e1s&nbsp;caracter\u00edsticos&nbsp;elementos&nbsp; arquitect\u00f3nicos.&nbsp;<\/p>\n\n\n\n<p>La casa se&nbsp;encuentra&nbsp;en un&nbsp;entorno&nbsp;que&nbsp;favorec\u00eda&nbsp;la&nbsp;econom\u00eda&nbsp;del&nbsp;hogar,&nbsp; cuyas&nbsp;principales&nbsp;fuentes&nbsp;de&nbsp;sustento&nbsp;eran la&nbsp;agricultura&nbsp;y la&nbsp;ganader\u00eda.&nbsp;Los&nbsp;animales&nbsp;estaban&nbsp;en las&nbsp;parcelas&nbsp;que&nbsp;rodeaban&nbsp; la&nbsp;vivienda,&nbsp;facilitando&nbsp;as\u00ed&nbsp;la labor.&nbsp;As\u00ed&nbsp;mismo, el&nbsp;terreno&nbsp;del que se&nbsp;dispon\u00eda&nbsp;era&nbsp;utilizado&nbsp;minoritariamente&nbsp;para el&nbsp;cultivo&nbsp;de&nbsp;alimentos dedicados&nbsp;al autoabastecimiento.&nbsp;<\/p>\n\n\n\n<p>La&nbsp;edificaci\u00f3n&nbsp;principal, la&nbsp;conocida como \u201cCasa del pan\u201d<sub>2<\/sub>&nbsp;, presenta&nbsp;una&nbsp;distribuci\u00f3n&nbsp;muy&nbsp;caracter\u00edstica&nbsp;de&nbsp;las&nbsp;edificaciones&nbsp;&nbsp; de&nbsp;la&nbsp;\u00e9poca&nbsp;(1920).&nbsp;En&nbsp;la planta&nbsp;baja,&nbsp;donde&nbsp;se&nbsp;encuentran&nbsp;la&nbsp;cocina, el&nbsp;comedor&nbsp;y la&nbsp;despensa,&nbsp;se&nbsp;desarrollaba&nbsp;la&nbsp;vida&nbsp;diurna; Mientras&nbsp;que la planta superior,&nbsp;dedicada al descanso,&nbsp;cuenta&nbsp;tan solo con&nbsp;habitaciones.&nbsp;<\/p>\n\n\n\n<figure class=\"wp-block-image size-large\"><img loading=\"lazy\" decoding=\"async\" width=\"1024\" height=\"768\" src=\"https:\/\/investiga.puenteromano.net\/wp-content\/uploads\/2020\/12\/fachada-frontal-1-1024x768.jpg\" alt=\"\" class=\"wp-image-1183\" srcset=\"https:\/\/investiga.puenteromano.net\/wp-content\/uploads\/2020\/12\/fachada-frontal-1-1024x768.jpg 1024w, https:\/\/investiga.puenteromano.net\/wp-content\/uploads\/2020\/12\/fachada-frontal-1-300x225.jpg 300w, https:\/\/investiga.puenteromano.net\/wp-content\/uploads\/2020\/12\/fachada-frontal-1-768x576.jpg 768w, https:\/\/investiga.puenteromano.net\/wp-content\/uploads\/2020\/12\/fachada-frontal-1-1200x900.jpg 1200w, https:\/\/investiga.puenteromano.net\/wp-content\/uploads\/2020\/12\/fachada-frontal-1-rotated.jpg 1280w\" sizes=\"auto, (max-width: 1024px) 100vw, 1024px\" \/><figcaption>Fachada sureste de \u00abLa casa del pan\u00bb. Julio de 2017. Foto extra\u00edda del \u00e1lbum familiar.<\/figcaption><\/figure>\n\n\n\n<p>La distribuci\u00f3n de la casa y los detalles arquitect\u00f3nicos, como la escalera de tres tramos, denotan que se buscaba algo m\u00e1s que la funcionalidad en la construcci\u00f3n de la casa. Esto puede observarse de igual manera tanto en sus dimensiones, como en los materiales empleados en su construcci\u00f3n. Se podr\u00eda definir como una \u00abarquitectura diferenciada\u00bb, debido a que el ser propietario de los terrenos que la rodeaban no garantizaba la obtenci\u00f3n de los suficientes recursos para la intervenci\u00f3n en el mantenimiento de la misma.<\/p>\n\n\n\n<p>Es frecuente atribuir estos conjuntos a un dinero de procedencia indiana.<\/p>\n\n\n\n<div class=\"wp-block-buttons is-layout-flex wp-block-buttons-is-layout-flex\">\n<div class=\"wp-block-button\"><a class=\"wp-block-button__link\" href=\"https:\/\/investiga.puenteromano.net\/index.php\/2021\/01\/16\/la-casa-del-pan-2\/\">Volver a La Casa del Pan<\/a><\/div>\n<\/div>\n\n\n\n<p><sup>1 <\/sup>Consulta sobre el valor arquitect\u00f3nico de un conjunto de edificaciones tradicionales en S.N.U de inter\u00e9s agr\u00edcola.                                Valdeladuerna, Romill\u00edn. Concejo de Parres, Asturias.  Julio de 2017.                 Arquitecta Ana Llano Valle. <\/p>\n\n\n\n<p><sup>2 <\/sup>La casa del pan recibe su nombre debido a que los propietarios actuales, que se criaron en la zona, recog\u00edan todos los d\u00edas el pan que el repartidor les dejaba en el p\u00f3rtico de dicha casa.<\/p>\n","protected":false},"excerpt":{"rendered":"<p>Cuatro paredes y 100 a\u00f1os de historia. \u00abLa\u00a0edificaci\u00f3n\u00a0se\u00a0encuentra\u00a0en una zona\u00a0llana,\u00a0elevada\u00a0y\u00a0equidistante\u00a0de los\u00a0r\u00edos\u00a0Sella y\u00a0Pilo\u00f1a. En el\u00a0margen\u00a0de la\u00a0carretera\u00a0local\u00a0[&#8230;] que\u00a0une\u00a0Santianes\u00a0del\u00a0Terr\u00f3n\u00a0y la\u00a0capilla\u00a0de San Jos\u00e9. El paisaje circundante est\u00e1 muy humanizado, con padrer\u00edas extensas entrelazadas con zonas boscosas y diferentes vaguadas que bajan a los dos r\u00edos antes citados. Es una zona del municipio que cuenta con pendientes suaves que permiten [&hellip;]<\/p>\n","protected":false},"author":1,"featured_media":0,"comment_status":"open","ping_status":"open","sticky":false,"template":"","format":"standard","meta":{"_et_pb_use_builder":"","_et_pb_old_content":"","_et_gb_content_width":"","footnotes":""},"categories":[12],"tags":[],"class_list":["post-1153","post","type-post","status-publish","format-standard","hentry","category-arquitectura"],"_links":{"self":[{"href":"https:\/\/investiga.puenteromano.net\/index.php\/wp-json\/wp\/v2\/posts\/1153","targetHints":{"allow":["GET"]}}],"collection":[{"href":"https:\/\/investiga.puenteromano.net\/index.php\/wp-json\/wp\/v2\/posts"}],"about":[{"href":"https:\/\/investiga.puenteromano.net\/index.php\/wp-json\/wp\/v2\/types\/post"}],"author":[{"embeddable":true,"href":"https:\/\/investiga.puenteromano.net\/index.php\/wp-json\/wp\/v2\/users\/1"}],"replies":[{"embeddable":true,"href":"https:\/\/investiga.puenteromano.net\/index.php\/wp-json\/wp\/v2\/comments?post=1153"}],"version-history":[{"count":7,"href":"https:\/\/investiga.puenteromano.net\/index.php\/wp-json\/wp\/v2\/posts\/1153\/revisions"}],"predecessor-version":[{"id":1844,"href":"https:\/\/investiga.puenteromano.net\/index.php\/wp-json\/wp\/v2\/posts\/1153\/revisions\/1844"}],"wp:attachment":[{"href":"https:\/\/investiga.puenteromano.net\/index.php\/wp-json\/wp\/v2\/media?parent=1153"}],"wp:term":[{"taxonomy":"category","embeddable":true,"href":"https:\/\/investiga.puenteromano.net\/index.php\/wp-json\/wp\/v2\/categories?post=1153"},{"taxonomy":"post_tag","embeddable":true,"href":"https:\/\/investiga.puenteromano.net\/index.php\/wp-json\/wp\/v2\/tags?post=1153"}],"curies":[{"name":"wp","href":"https:\/\/api.w.org\/{rel}","templated":true}]}}