{"id":11456,"date":"2026-03-09T11:18:03","date_gmt":"2026-03-09T10:18:03","guid":{"rendered":"https:\/\/investiga.puenteromano.net\/?p=11456"},"modified":"2026-03-10T23:54:46","modified_gmt":"2026-03-10T22:54:46","slug":"la-vida-de-los-70","status":"publish","type":"post","link":"https:\/\/investiga.puenteromano.net\/index.php\/2026\/03\/09\/la-vida-de-los-70\/","title":{"rendered":"LA VIDA DE LOS 70"},"content":{"rendered":"\n<p>Con tan solo 14 a\u00f1os, mi bisabuela Elisa se fue a trabajar a Gij\u00f3n a la f\u00e1brica de Loza y cobraba solamente 13 pesetas al d\u00eda. En aquella \u00e9poca muchas personas ten\u00edan que empezar a trabajar muy j\u00f3venes, y mi bisabuela Elisa no fue una excepci\u00f3n.&nbsp;<\/p>\n\n\n\n<p>Mi bisabuela siendo&nbsp;la mayor de 4 hermanos, criados en Canales de Cabrales. Desde peque\u00f1a tuvo que ayudar en casa y cuidar tambi\u00e9n de sus hermanos. Tuvo un romance con Juan, mi bisabuelo, el cual acab\u00f3 siendo su marido y el padre de sus tres hijos, Mar\u00eda Elena, mi abuela,&nbsp;Jose&nbsp;Manuel y Mar\u00eda Montserrat.&nbsp;<\/p>\n\n\n\n<p>En septiembre de 1966, se casaron, mi bisabuelo se fue a hacer la mili a Melilla y luego jur\u00f3 bandera en Almer\u00eda. Despu\u00e9s de hacer la mili, los problemas de la escasez de la poblaci\u00f3n rural en aquel entonces se vieron obligados a emigrar a Suiza, sin saber nada de franc\u00e9s.&nbsp;<\/p>\n\n\n\n<p>Mi bisabuelo encontr\u00f3 trabajo en una panader\u00eda y mi bisabuela como criada en la pasteler\u00eda. En agosto de 1967, naci\u00f3 su primera hija, mi abuela, y en diciembre de ese mismo a\u00f1o tuvieron que volver a Espa\u00f1a porque no ten\u00edan permiso de&nbsp;residencia.&nbsp;<\/p>\n\n\n\n<p>En enero, le hicieron un contrato de trabajo y pudieron regresar a Suiza hasta 1972 que volvieron para Espa\u00f1a&nbsp;definitivamente&nbsp;y esperaban su segundo hijo,&nbsp;Jose&nbsp;Manuel.&nbsp;En diciembre de&nbsp;ese&nbsp;mismo&nbsp;a\u00f1o,&nbsp;trabajaron&nbsp;en una&nbsp;panader\u00eda en Cangas&nbsp;de On\u00eds&nbsp;y en 1974, con la llegada de su tercera y&nbsp;\u00faltima&nbsp;hija,&nbsp;Mar\u00eda&nbsp;Montserrat, se mudaron a Carre\u00f1a de Cabrales donde hoy en d\u00eda vive mi bisabuela., all\u00ed abrieron su propia panader\u00eda, que estuvo abierta hasta 2005 que falleci\u00f3 mi bisabuelo en un accidente de tr\u00e1fico mientras repart\u00eda pan.&nbsp;Tras cerrar la panader\u00eda,&nbsp;mi bisabuela,&nbsp;empez\u00f3 a trabajar en el ayuntamiento de ayuda a domicilio hasta jubilarse.&nbsp;<\/p>\n\n\n\n<p>Hoy en d\u00eda&nbsp;contin\u00faa cuidando de todos nosotros con la t\u00edpica demencia de la edad.&nbsp;<\/p>\n\n\n\n<figure class=\"wp-block-image size-large is-resized\"><img loading=\"lazy\" decoding=\"async\" width=\"576\" height=\"1024\" src=\"https:\/\/investiga.puenteromano.net\/wp-content\/uploads\/2026\/03\/image-2-576x1024.png\" alt=\"\" class=\"wp-image-11459\" style=\"aspect-ratio:0.5625092657305631;width:261px;height:auto\" srcset=\"https:\/\/investiga.puenteromano.net\/wp-content\/uploads\/2026\/03\/image-2-576x1024.png 576w, https:\/\/investiga.puenteromano.net\/wp-content\/uploads\/2026\/03\/image-2-480x853.png 480w\" sizes=\"auto, (min-width: 0px) and (max-width: 480px) 480px, (min-width: 481px) 576px, 100vw\" \/><\/figure>\n\n\n\n<p>Sus tres hijos<\/p>\n\n\n\n<p><\/p>\n\n\n\n<p><strong>Entrevistado<\/strong>: Elisa Gonz\u00e1les Borbolla&nbsp;&nbsp;<\/p>\n\n\n\n<p><strong>&nbsp;Domicilio<\/strong>: Carre\u00f1a de Cabrales&nbsp;&nbsp;<\/p>\n\n\n\n<p><strong>\u00a0Oficio o actividades principales<\/strong>: Panadera y servicio de ayuda a domicilio\u00a0<\/p>\n\n\n\n<p><strong>&nbsp;Residencia o residencias principales<\/strong>:&nbsp;Canales de Cabrales, Carre\u00f1a de Cabrales&nbsp;<\/p>\n\n\n\n<p><strong>Edad del entrevistado:<\/strong>&nbsp;78 a\u00f1os&nbsp;<\/p>\n\n\n\n<p><strong>Lugar de la entrevista<\/strong>:&nbsp;Carre\u00f1a de Cabrales&nbsp;<\/p>\n\n\n\n<p>&nbsp;<strong>Fecha de la entrevista<\/strong>:&nbsp;04\/03\/2026&nbsp;<\/p>\n\n\n\n<p><strong>Entrevistador<\/strong>:&nbsp;Zara Vald\u00e9s del Corro&nbsp;<\/p>\n\n\n\n<p><strong>&nbsp;Relaci\u00f3n con el entrevistado:<\/strong>&nbsp;Bisnieta&nbsp;&nbsp;<\/p>\n","protected":false},"excerpt":{"rendered":"<p>Con tan solo 14 a\u00f1os, mi bisabuela Elisa se fue a trabajar a Gij\u00f3n a la f\u00e1brica de Loza y cobraba solamente 13 pesetas al d\u00eda. En aquella \u00e9poca muchas personas ten\u00edan que empezar a trabajar muy j\u00f3venes, y mi bisabuela Elisa no fue una excepci\u00f3n.&nbsp; Mi bisabuela siendo&nbsp;la mayor de 4 hermanos, criados en [&hellip;]<\/p>\n","protected":false},"author":298,"featured_media":11457,"comment_status":"closed","ping_status":"closed","sticky":false,"template":"","format":"standard","meta":{"_et_pb_use_builder":"off","_et_pb_old_content":"","_et_gb_content_width":"","footnotes":""},"categories":[84],"tags":[],"class_list":["post-11456","post","type-post","status-publish","format-standard","has-post-thumbnail","hentry","category-pin-1-2024-25"],"_links":{"self":[{"href":"https:\/\/investiga.puenteromano.net\/index.php\/wp-json\/wp\/v2\/posts\/11456","targetHints":{"allow":["GET"]}}],"collection":[{"href":"https:\/\/investiga.puenteromano.net\/index.php\/wp-json\/wp\/v2\/posts"}],"about":[{"href":"https:\/\/investiga.puenteromano.net\/index.php\/wp-json\/wp\/v2\/types\/post"}],"author":[{"embeddable":true,"href":"https:\/\/investiga.puenteromano.net\/index.php\/wp-json\/wp\/v2\/users\/298"}],"replies":[{"embeddable":true,"href":"https:\/\/investiga.puenteromano.net\/index.php\/wp-json\/wp\/v2\/comments?post=11456"}],"version-history":[{"count":1,"href":"https:\/\/investiga.puenteromano.net\/index.php\/wp-json\/wp\/v2\/posts\/11456\/revisions"}],"predecessor-version":[{"id":11460,"href":"https:\/\/investiga.puenteromano.net\/index.php\/wp-json\/wp\/v2\/posts\/11456\/revisions\/11460"}],"wp:featuredmedia":[{"embeddable":true,"href":"https:\/\/investiga.puenteromano.net\/index.php\/wp-json\/wp\/v2\/media\/11457"}],"wp:attachment":[{"href":"https:\/\/investiga.puenteromano.net\/index.php\/wp-json\/wp\/v2\/media?parent=11456"}],"wp:term":[{"taxonomy":"category","embeddable":true,"href":"https:\/\/investiga.puenteromano.net\/index.php\/wp-json\/wp\/v2\/categories?post=11456"},{"taxonomy":"post_tag","embeddable":true,"href":"https:\/\/investiga.puenteromano.net\/index.php\/wp-json\/wp\/v2\/tags?post=11456"}],"curies":[{"name":"wp","href":"https:\/\/api.w.org\/{rel}","templated":true}]}}