{"id":11448,"date":"2026-03-02T13:20:44","date_gmt":"2026-03-02T12:20:44","guid":{"rendered":"https:\/\/investiga.puenteromano.net\/?p=11448"},"modified":"2026-03-11T00:01:05","modified_gmt":"2026-03-10T23:01:05","slug":"memoria-de-un-minero-asturiano-en-el-exilio","status":"publish","type":"post","link":"https:\/\/investiga.puenteromano.net\/index.php\/2026\/03\/02\/memoria-de-un-minero-asturiano-en-el-exilio\/","title":{"rendered":"Memoria de un minero asturiano en el exilio"},"content":{"rendered":"\n<p>Manuel Mam\u00e9s Antu\u00f1a , naci\u00f3 en Aller, el mismo d\u00eda que se instaura la primera dictadura militar en Espa\u00f1a, despu\u00e9s del golpe de estado del General Primo de Rivera.<\/p>\n\n\n\n<p>Durante la revoluci\u00f3n de Asturias, Manuel, vio como su padre Eutimio Mam\u00e9s, se implica mucho en las movilizaciones obreras y queda marcado social y pol\u00edticamente.<\/p>\n\n\n\n<p>El 18 de julio de 1936,el general Franco, dio un golpe de estado seguido de una guerra civil, en este conflicto b\u00e9lico, su padre tambi\u00e9n lucho en las filas del ejercito republicano, por tal motivo y tras finalizar la guerra civil, se implant\u00f3 una represi\u00f3n franquista, su padre fue arrestado y condenado a 14 a\u00f1os de c\u00e1rcel acusado de apoyo a la rebeli\u00f3n. Esto, hizo que Manuel tuviese que ser \u00a8la cabeza de la familia\u00a8 y trabajar en la mina desde los 13 a\u00f1os.<\/p>\n\n\n\n<p>Con 19 a\u00f1os, Manuel, tambi\u00e9n fue arrestado por cantar La Internacional delante de unos guardias civiles, acusado y condenado a 14 a\u00f1os de prisi\u00f3n por delito a exaltaci\u00f3n a la rebeli\u00f3n. En la c\u00e1rcel, tuvo la suerte de poder hacer tareas que le mandaron y conseguir salir antes.<\/p>\n\n\n\n<p>Se cas\u00f3 con su prima carnal Isabel con la cual tuvo 4 hijos y en 1960.el a\u00f1o del nacimiento de su \u00faltimo hijo, estallan en Asturias unos conflictos laborales importantes sobre todo en la miner\u00eda, lo que hace que tras muchas huelgas sin conseguir nada y estando amenazado por la polic\u00eda pol\u00edtico social por sus antepasados, decide marcharse al extranjero con su familia.<\/p>\n\n\n\n<figure class=\"wp-block-image size-full\"><img loading=\"lazy\" decoding=\"async\" width=\"132\" height=\"230\" src=\"https:\/\/investiga.puenteromano.net\/wp-content\/uploads\/2026\/03\/image.png\" alt=\"\" class=\"wp-image-11449\" \/><\/figure>\n\n\n\n<p>Tras un largo y complicado viaje, llegaron a Bruselas donde arreglaron sus papeles y a los15 d\u00edas, consigui\u00f3 trabajo en Marly. Tras muchos a\u00f1os de trabajo, muere de c\u00e1ncer en 1984.<\/p>\n\n\n\n<p>Raquel Mam\u00e9s Espinas.<\/p>\n\n\n\n<figure class=\"wp-block-image size-full\"><img loading=\"lazy\" decoding=\"async\" width=\"203\" height=\"199\" src=\"https:\/\/investiga.puenteromano.net\/wp-content\/uploads\/2026\/03\/image-1.png\" alt=\"\" class=\"wp-image-11450\" \/><\/figure>\n","protected":false},"excerpt":{"rendered":"<p>Manuel Mam\u00e9s Antu\u00f1a , naci\u00f3 en Aller, el mismo d\u00eda que se instaura la primera dictadura militar en Espa\u00f1a, despu\u00e9s del golpe de estado del General Primo de Rivera. Durante la revoluci\u00f3n de Asturias, Manuel, vio como su padre Eutimio Mam\u00e9s, se implica mucho en las movilizaciones obreras y queda marcado social y pol\u00edticamente. El [&hellip;]<\/p>\n","protected":false},"author":306,"featured_media":11450,"comment_status":"closed","ping_status":"closed","sticky":false,"template":"","format":"standard","meta":{"_et_pb_use_builder":"off","_et_pb_old_content":"","_et_gb_content_width":"","footnotes":""},"categories":[84,1],"tags":[],"class_list":["post-11448","post","type-post","status-publish","format-standard","has-post-thumbnail","hentry","category-pin-1-2024-25","category-sin-categoria"],"_links":{"self":[{"href":"https:\/\/investiga.puenteromano.net\/index.php\/wp-json\/wp\/v2\/posts\/11448","targetHints":{"allow":["GET"]}}],"collection":[{"href":"https:\/\/investiga.puenteromano.net\/index.php\/wp-json\/wp\/v2\/posts"}],"about":[{"href":"https:\/\/investiga.puenteromano.net\/index.php\/wp-json\/wp\/v2\/types\/post"}],"author":[{"embeddable":true,"href":"https:\/\/investiga.puenteromano.net\/index.php\/wp-json\/wp\/v2\/users\/306"}],"replies":[{"embeddable":true,"href":"https:\/\/investiga.puenteromano.net\/index.php\/wp-json\/wp\/v2\/comments?post=11448"}],"version-history":[{"count":2,"href":"https:\/\/investiga.puenteromano.net\/index.php\/wp-json\/wp\/v2\/posts\/11448\/revisions"}],"predecessor-version":[{"id":11472,"href":"https:\/\/investiga.puenteromano.net\/index.php\/wp-json\/wp\/v2\/posts\/11448\/revisions\/11472"}],"wp:featuredmedia":[{"embeddable":true,"href":"https:\/\/investiga.puenteromano.net\/index.php\/wp-json\/wp\/v2\/media\/11450"}],"wp:attachment":[{"href":"https:\/\/investiga.puenteromano.net\/index.php\/wp-json\/wp\/v2\/media?parent=11448"}],"wp:term":[{"taxonomy":"category","embeddable":true,"href":"https:\/\/investiga.puenteromano.net\/index.php\/wp-json\/wp\/v2\/categories?post=11448"},{"taxonomy":"post_tag","embeddable":true,"href":"https:\/\/investiga.puenteromano.net\/index.php\/wp-json\/wp\/v2\/tags?post=11448"}],"curies":[{"name":"wp","href":"https:\/\/api.w.org\/{rel}","templated":true}]}}