{"id":11444,"date":"2026-03-09T16:56:23","date_gmt":"2026-03-09T15:56:23","guid":{"rendered":"https:\/\/investiga.puenteromano.net\/?p=11444"},"modified":"2026-03-16T12:50:08","modified_gmt":"2026-03-16T11:50:08","slug":"la-vida-de-mi-abuela-emigrar-para-un-futuro-mejor","status":"publish","type":"post","link":"https:\/\/investiga.puenteromano.net\/index.php\/2026\/03\/09\/la-vida-de-mi-abuela-emigrar-para-un-futuro-mejor\/","title":{"rendered":"La vida de mi abuela: emigrar para un futuro mejor"},"content":{"rendered":"\n<p>Mi abuela In\u00e9s P\u00e9rez Cueto naci\u00f3 en Asturias, en un peque\u00f1o pueblo de Ponga llamado Priesca. All\u00ed vivi\u00f3 junto a su familia hasta los 11 a\u00f1os que parti\u00f3 a Alemania. En aquella \u00e9poca Espa\u00f1a estaba bajo la dictadura de Francisco Franco, y muchas familias pasaban grandes dificultades econ\u00f3mica. Hab\u00eda una gran miseria y muchas personas ten\u00edan que emigrar a otros pa\u00edses para poder trabajar y ganar dinero.<br><br>Antes de que mi abuela se marchara, su padre, es decir mi bisabuelo, se fue primero a Alemania en busca de trabajo y una casa. Su objetivo era ganar dinero para pagar deudas, comprar una casa en Espa\u00f1a y poder dedicarse en el futuro a la ganader\u00eda en su querida Ponga.<br><br>Despu\u00e9s de un tiempo trabajando all\u00ed, mi bisabuelo envi\u00f3 una carta a su familia. En la que les dec\u00eda que que ya ten\u00eda trabajo y una casa all\u00ed y que pod\u00edan ir finalmente con el para empezar una nueva vida. As\u00ed fue como mi abuela, su madre y sus hermanos emprendieron el viaje en tren desde Oviedo hasta Alemania.<br><br>Se instalaron en Stolberg, ciudad en la cual sigo teniendo familia. Al llegar, los tres hermanos comenzaron a estudiar en una escuela alemano-espa\u00f1ol. En ese colegio las asignaturas eran en espa\u00f1ol pero tambi\u00e9n aprend\u00edan alem\u00e1n. Como eran peque\u00f1os, no tardaron en dominar el idioma. En poco tiempo hablaban alem\u00e1n perfectamente.<br><br>Cuando mi abuela ten\u00eda catorce a\u00f1os, tanto ella como sus hermanos comenzaron a trabajar para ayudar a la familia. Mi abuela y mi bisabuela trabajaban en una f\u00e1brica donde hac\u00edan hilo y jabones. Mi t\u00edo Jose Manuel, el mayor trabajaba de soldador junto a su padre y mi t\u00edo Tano, el peque\u00f1o de electricista.<br><br>Durante los a\u00f1os que vivieron en Alemania trabajaron mucho y consiguieron ahorrar dinero. Tambi\u00e9n conocieron a muchas personas de diferentes pa\u00edses que hab\u00edan emigrado al igual que ellos. Mi abuela hizo amigos, polacos, rusos y tambi\u00e9n espa\u00f1oles. All\u00ed conoci\u00f3 a una amiga muy especial llamada Olvido, que casualmente era de Gij\u00f3n. Se conocieron en Alemania y se hicieron amigas para todo la vida, y a d\u00eda de hoy todav\u00eda mantienen su amistad.<br><br>En el a\u00f1o 1972, cuando mi abuela ten\u00eda 19 a\u00f1os, regresaron a Espa\u00f1a para cumplir su sue\u00f1o construir su casa y dedicarse a la ganader\u00eda en su amada tierra. Regresaron al mismo pueblo en el que se criaron, Priesca. <br><br>Con los a\u00f1os se cas\u00f3 y tuvo dos hijos: Mi madre y mi t\u00edo. Actualmente tiene 73 a\u00f1os, est\u00e1 jubilada y sigue viviendo en la misma casa y en su pueblo natal.<br><br>Su historia es un ejemplo de esfuerzo y sacrificio, ya que a una tierna edad tuvo que dejarlo todo atr\u00e1s para ir a buscar una vida mejor a un pa\u00eds extranjero, aprender un nuevo idioma y trabajar duro. Por eso la admiro, su vida nunca fue f\u00e1cil pero era siempre luch\u00f3 y jam\u00e1s se rindi\u00f3.<\/p>\n\n\n\n<p><img decoding=\"async\" class=\"wp-image-11466\" style=\"width: 150px\" src=\"https:\/\/investiga.puenteromano.net\/wp-content\/uploads\/2026\/03\/unnamed.jpg\" alt=\"\"><br>Entrevistado: Rosa In\u00e9s P\u00e9rez Cueto<br>Domicilio: Priesca, Ponga<br>Oficio o actividades principales: Ganadera<br>Residencia o residencias principales:<br>Edad del entrevistado: 73<br>Lugar de la entrevista: Ponga<br>Fecha de la entrevista: 12\/03\/2026<br>Entrevistador: Olaya P\u00e9rez Mart\u00ednez<br>Relaci\u00f3n con el entrevistado: Nieta<\/p>\n","protected":false},"excerpt":{"rendered":"<p>Mi abuela In\u00e9s P\u00e9rez Cueto naci\u00f3 en Asturias, en un peque\u00f1o pueblo de Ponga llamado Priesca. All\u00ed vivi\u00f3 junto a su familia hasta los 11 a\u00f1os que parti\u00f3 a Alemania. En aquella \u00e9poca Espa\u00f1a estaba bajo la dictadura de Francisco Franco, y muchas familias pasaban grandes dificultades econ\u00f3mica. Hab\u00eda una gran miseria y muchas personas [&hellip;]<\/p>\n","protected":false},"author":309,"featured_media":11466,"comment_status":"closed","ping_status":"closed","sticky":false,"template":"","format":"standard","meta":{"_et_pb_use_builder":"","_et_pb_old_content":"","_et_gb_content_width":"","footnotes":""},"categories":[84,1],"tags":[],"class_list":["post-11444","post","type-post","status-publish","format-standard","has-post-thumbnail","hentry","category-pin-1-2024-25","category-sin-categoria"],"_links":{"self":[{"href":"https:\/\/investiga.puenteromano.net\/index.php\/wp-json\/wp\/v2\/posts\/11444","targetHints":{"allow":["GET"]}}],"collection":[{"href":"https:\/\/investiga.puenteromano.net\/index.php\/wp-json\/wp\/v2\/posts"}],"about":[{"href":"https:\/\/investiga.puenteromano.net\/index.php\/wp-json\/wp\/v2\/types\/post"}],"author":[{"embeddable":true,"href":"https:\/\/investiga.puenteromano.net\/index.php\/wp-json\/wp\/v2\/users\/309"}],"replies":[{"embeddable":true,"href":"https:\/\/investiga.puenteromano.net\/index.php\/wp-json\/wp\/v2\/comments?post=11444"}],"version-history":[{"count":3,"href":"https:\/\/investiga.puenteromano.net\/index.php\/wp-json\/wp\/v2\/posts\/11444\/revisions"}],"predecessor-version":[{"id":11534,"href":"https:\/\/investiga.puenteromano.net\/index.php\/wp-json\/wp\/v2\/posts\/11444\/revisions\/11534"}],"wp:featuredmedia":[{"embeddable":true,"href":"https:\/\/investiga.puenteromano.net\/index.php\/wp-json\/wp\/v2\/media\/11466"}],"wp:attachment":[{"href":"https:\/\/investiga.puenteromano.net\/index.php\/wp-json\/wp\/v2\/media?parent=11444"}],"wp:term":[{"taxonomy":"category","embeddable":true,"href":"https:\/\/investiga.puenteromano.net\/index.php\/wp-json\/wp\/v2\/categories?post=11444"},{"taxonomy":"post_tag","embeddable":true,"href":"https:\/\/investiga.puenteromano.net\/index.php\/wp-json\/wp\/v2\/tags?post=11444"}],"curies":[{"name":"wp","href":"https:\/\/api.w.org\/{rel}","templated":true}]}}