{"id":1056,"date":"2020-11-10T17:44:23","date_gmt":"2020-11-10T16:44:23","guid":{"rendered":"https:\/\/investiga.puenteromano.net\/?p=1056"},"modified":"2021-05-15T23:04:09","modified_gmt":"2021-05-15T21:04:09","slug":"la-escuela-de-abiegos-durante-la-dictadura-franquista","status":"publish","type":"post","link":"https:\/\/investiga.puenteromano.net\/index.php\/2020\/11\/10\/la-escuela-de-abiegos-durante-la-dictadura-franquista\/","title":{"rendered":"Una escuela rural durante la dictadura"},"content":{"rendered":"\n<h3 class=\"has-text-align-center wp-block-heading\">La escuela de Abiegos II<\/h3>\n\n\n\n<h6 class=\"wp-block-heading\">Marta Herrero<\/h6>\n\n\n\n<p class=\"has-drop-cap\">\u00c1ngeles Gonz\u00e1lez comenz\u00f3 la escuela con seis a\u00f1os, en 1952, en plena dictadura franquista. Todos los d\u00edas hac\u00eda el mismo recorrido, algo m\u00e1s de 2 km andando desde su casa hasta la escuela de Abiegos. Viv\u00eda en la peque\u00f1a central hidroel\u00e9ctrica que abastec\u00eda a Abiegos, Sobrefoz y San Juan de Bele\u00f1o, conocida como la f\u00e1brica de la luz.<\/p>\n\n\n\n<p>A la escuela de Abiegos acud\u00edan ni\u00f1os y ni\u00f1as del mismo pueblo y de otros del entorno como Cadenaba o Sobrefoz. Durante las clases los ni\u00f1os y las ni\u00f1as estaban mezclados, pero durante el recreo los ni\u00f1os iban a la bolera y las ni\u00f1as se quedaban en <em>el campu la iglesia<\/em>, y si se mezclaban los castigaban a todos.<\/p>\n\n\n\n<p>\u00c1ngeles tuvo que dejar la escuela a los 12 a\u00f1os para centrarse en el trabajo, pero recuerda muchas cosas de los seis a\u00f1os de escolarizaci\u00f3n, sobretodo a su maestra, Pacita:<em> <\/em><\/p>\n\n\n\n<blockquote class=\"wp-block-quote has-text-align-center is-style-default is-layout-flow wp-block-quote-is-layout-flow\"><p><em>\u00abNos ense\u00f1aba las cuatro reglas de matem\u00e1ticas, a leer y a escribir, pero por encima de todo estaba la religi\u00f3n. Si no tra\u00edamos la lecci\u00f3n aprendida de casa nos posaba la regla en las u\u00f1as\u00bb<\/em><\/p><\/blockquote>\n\n\n\n<div class=\"wp-block-image\"><figure class=\"aligncenter size-large\"><img loading=\"lazy\" decoding=\"async\" width=\"470\" height=\"670\" src=\"https:\/\/investiga.puenteromano.net\/wp-content\/uploads\/2020\/11\/ESCUELA-ABIEGOS1.jpg\" alt=\"\" class=\"wp-image-1060\" srcset=\"https:\/\/investiga.puenteromano.net\/wp-content\/uploads\/2020\/11\/ESCUELA-ABIEGOS1.jpg 470w, https:\/\/investiga.puenteromano.net\/wp-content\/uploads\/2020\/11\/ESCUELA-ABIEGOS1-210x300.jpg 210w\" sizes=\"auto, (max-width: 470px) 100vw, 470px\" \/><figcaption>Los ni\u00f1os y ni\u00f1as de la escuela de Abiegos, delante de la Iglesia de San Lorenzo (1950-1955). Imagen obtenida del grupo de Facebook \u00abCascayinos Abiegos\u00bb<\/figcaption><\/figure><\/div>\n\n\n\n<ul class=\"wp-block-list\"><li><strong>Informadora:<\/strong> GONZ\u00c1LEZ TORIBIO, \u00c1ngeles, vecina de Abiegos, 74 a\u00f1os.<\/li><\/ul>\n\n\n\n<div class=\"wp-block-buttons is-layout-flex wp-block-buttons-is-layout-flex\">\n<div class=\"wp-block-button\"><a class=\"wp-block-button__link\" href=\"https:\/\/investiga.puenteromano.net\/index.php\/2021\/01\/05\/la-escuela-de-abiegos\/\">Volver a Abiegos<\/a><\/div>\n<\/div>\n","protected":false},"excerpt":{"rendered":"<p>La escuela de Abiegos II Marta Herrero \u00c1ngeles Gonz\u00e1lez comenz\u00f3 la escuela con seis a\u00f1os, en 1952, en plena dictadura franquista. Todos los d\u00edas hac\u00eda el mismo recorrido, algo m\u00e1s de 2 km andando desde su casa hasta la escuela de Abiegos. Viv\u00eda en la peque\u00f1a central hidroel\u00e9ctrica que abastec\u00eda a Abiegos, Sobrefoz y San [&hellip;]<\/p>\n","protected":false},"author":1,"featured_media":0,"comment_status":"closed","ping_status":"closed","sticky":false,"template":"","format":"standard","meta":{"_et_pb_use_builder":"","_et_pb_old_content":"","_et_gb_content_width":"","footnotes":""},"categories":[11,38],"tags":[],"class_list":["post-1056","post","type-post","status-publish","format-standard","hentry","category-lugares","category-memoria-historica"],"_links":{"self":[{"href":"https:\/\/investiga.puenteromano.net\/index.php\/wp-json\/wp\/v2\/posts\/1056","targetHints":{"allow":["GET"]}}],"collection":[{"href":"https:\/\/investiga.puenteromano.net\/index.php\/wp-json\/wp\/v2\/posts"}],"about":[{"href":"https:\/\/investiga.puenteromano.net\/index.php\/wp-json\/wp\/v2\/types\/post"}],"author":[{"embeddable":true,"href":"https:\/\/investiga.puenteromano.net\/index.php\/wp-json\/wp\/v2\/users\/1"}],"replies":[{"embeddable":true,"href":"https:\/\/investiga.puenteromano.net\/index.php\/wp-json\/wp\/v2\/comments?post=1056"}],"version-history":[{"count":17,"href":"https:\/\/investiga.puenteromano.net\/index.php\/wp-json\/wp\/v2\/posts\/1056\/revisions"}],"predecessor-version":[{"id":3053,"href":"https:\/\/investiga.puenteromano.net\/index.php\/wp-json\/wp\/v2\/posts\/1056\/revisions\/3053"}],"wp:attachment":[{"href":"https:\/\/investiga.puenteromano.net\/index.php\/wp-json\/wp\/v2\/media?parent=1056"}],"wp:term":[{"taxonomy":"category","embeddable":true,"href":"https:\/\/investiga.puenteromano.net\/index.php\/wp-json\/wp\/v2\/categories?post=1056"},{"taxonomy":"post_tag","embeddable":true,"href":"https:\/\/investiga.puenteromano.net\/index.php\/wp-json\/wp\/v2\/tags?post=1056"}],"curies":[{"name":"wp","href":"https:\/\/api.w.org\/{rel}","templated":true}]}}