{"id":10383,"date":"2024-10-19T20:51:40","date_gmt":"2024-10-19T18:51:40","guid":{"rendered":"https:\/\/investiga.puenteromano.net\/?p=10383"},"modified":"2024-10-19T20:51:41","modified_gmt":"2024-10-19T18:51:41","slug":"oscar-garcia-fernandez","status":"publish","type":"post","link":"https:\/\/investiga.puenteromano.net\/index.php\/2024\/10\/19\/oscar-garcia-fernandez\/","title":{"rendered":"\u00d3scar Garc\u00eda Fern\u00e1ndez"},"content":{"rendered":"\n<ul class=\"wp-block-list\">\n<li><strong>Autora:<\/strong> Isabel Morilla Garc\u00eda.<\/li>\n\n\n\n<li><strong>Informadores:<\/strong> Su hijo, Ram\u00f3n. Su nuera, Sabina. Y, Pino Garc\u00eda Villaverde, mi madre.<\/li>\n<\/ul>\n\n\n\n<ul class=\"wp-block-list\">\n<li><strong>Proyecto:<\/strong> \u00d3scar Garc\u00eda Fern\u00e1ndez, bisabuelo de la autora.<\/li>\n\n\n\n<li><strong>Nacimiento:<\/strong> 15 de julio de1905, en Oviedo, en la calle del Rosal.<\/li>\n\n\n\n<li><strong>Fallecimiento:<\/strong> 12 de marzo de1995, en Mieres.<\/li>\n\n\n\n<li><strong>Padres:<\/strong> Juana, La Carretona y Ram\u00f3n, El Sombrereru.<\/li>\n<\/ul>\n\n\n\n<p><\/p>\n\n\n\n<p><strong>\u00d3scar Garc\u00eda Fern\u00e1ndez<\/strong> siempre renaci\u00f3 que tuvo una buena infancia, sobre todo cuando se dedicaba a recorrer aquellas calles en las que paseaba Clar\u00edn, que \u00e9l no lleg\u00f3 a conocer aunque sus padres s\u00ed.<\/p>\n\n\n\n<p>Con tal solo 17 a\u00f1os, comienza a trabajar de fogonero en la popular m\u00e1quina que iba desde Penon, en Mieres, hasta el Vasco, en Oviedo. Gracias a su profesi\u00f3n, \u00e9l se empieza a dar cuenta de la injusta desigualdad que hab\u00eda entre ricos y trabajadores. <\/p>\n\n\n\n<p>Al poco de comenzar a trabajar, se convoc\u00f3 una huelga minera. Durante la huelga, \u00e9l vio llegar un tren lleno de carb\u00f3n, operado por esquiroles. Entonces, su idea fue cruzar la v\u00eda del tren para cambiar las agujas, y as\u00ed poder descarrilar el tren. A sus 17 a\u00f1os, fue la primera vez que pis\u00f3 la c\u00e1rcel, tras un juicio de guerra acusado de sabotaje, aunque finalmente no le hicieron nada por ser menor. Sin embargo, s\u00ed es cierto que esa fue su primera vez, entre tantas otras, y siempre por sus ideales pol\u00edticos.<\/p>\n\n\n\n<p>Despu\u00e9s de unos a\u00f1os, vuelve a Mieres para ir a buscar a su amor de juventud. En sus palabras: \u201dM\u00edo Pilar, mi compa\u00f1era de vida y, a la que no hice feliz por seguir siempre mis ideales pol\u00edticos\u201d. S\u00ed, ella es Pilar \u00c1lvarez Iturrioz, con la que tuvo 4 hijos, \u00d3scar, Luis, Ram\u00f3n y Pili. Con 23 a\u00f1os, empieza a trabajar en algo que \u00e9l admiraba, ser camarero, la profesi\u00f3n que m\u00e1s tarde fue la proyecci\u00f3n de su vida. \u201cEmpieza como aprend\u00ed\u201d en el Hotel Navarra, luego en el Ayala y, subiendo de categor\u00eda, en el Hotel Principado y Club de Tenis, hasta que lleg\u00f3 a la categor\u00eda de <em>maitre<\/em> en el Tropical de Gij\u00f3n y, de aqu\u00ed a San Sebasti\u00e1n, Pamplona y otros destinos.<\/p>\n\n\n\n<p>Hasta que, por fin, se vuelve a asentar en Mieres, donde haciendo extras como <em>maitre<\/em>, siempre atendiendo y sirviendo con discreci\u00f3n, con seriedad, educaci\u00f3n y lo que podr\u00edamos decir que era su \u00ab\u00bbregla de oro: mantener las distancias y hacer las cosas con gusto, sabiendo que servir una mesa es un trabajo y, no un acto servil. De esa manera, comenz\u00f3 a atender a gente tan conocida como el General Franco y a su esposa, Carlos Arias Navarro, los Reyes de Espa\u00f1a, la Duquesa De Alba, Severo Ochoa y un conjunto notable de artistas, pintores, actores de teatro, escritores, etc.<\/p>\n\n\n\n<p>Aunque durante toda su vida se movi\u00f3 por escenarios de \u00e9lite, sigui\u00f3 siendo un hombre de principios: sent\u00eda un compromiso con el P.C.A. (Partido Comunista de Asturias), pues s\u00ed, \u00e9l era comunista, y en Mieres hab\u00eda fundado la agrupaci\u00f3n local con Tino el del Caf\u00e9, Jos\u00e9 Prieto Magdalena y, alguno m\u00e1s en el a\u00f1o 1927.<\/p>\n\n\n\n<p>Sus principales aficiones eran cantar y escribir. Cant\u00f3 toda su vida en el Orfe\u00f3n de Mieres y no solo le encantaba escribir sino tambi\u00e9n recitar sus poemas. En ellos, describe su tierra pasando de los verdes prados a la Asturias negra de la mina, con sus mineros, las desigualdades, el sufrimiento en la prisi\u00f3n y muchos otros motivos m\u00e1s.<\/p>\n\n\n\n<p>Ten\u00eda una amiga, Dolores Ibarruri, tambi\u00e9n conocida como La Pasionaria, con la que se dedicaba a establecer contactos por el monte con los fugados. Por las ma\u00f1anas, a veces, igual estaban en el Club de Campo atendiendo a Gir\u00f3n o a Arias Navarro y, por las tardes, conspirando con los m\u00e1s se\u00f1alados del Comit\u00e9 Central. Ya en 1934, hab\u00eda participado en el asalto a la emisora de Radio Oviedo, y tambi\u00e9n en la toma del Teatro Campoamor, donde tantos banquetes dar\u00eda despu\u00e9s.<\/p>\n\n\n\n<p>Sus ideales lo llevaron varias veces a prisi\u00f3n, y otras al punto de ser fusilado. En varias ocasiones fue torturado y apaleado. A pesar de todo ello, debido a su profesi\u00f3n de <em>maitre<\/em>, lo llamaban continuamente para atender banquetes, donde siempre se acababa enterando de los pasos que iban a dar los franquistas, transmitiendo inmediatamente esa informaci\u00f3n a los camaradas.<\/p>\n\n\n\n<figure class=\"wp-block-image size-large is-resized\"><img loading=\"lazy\" decoding=\"async\" width=\"671\" height=\"1024\" src=\"https:\/\/investiga.puenteromano.net\/wp-content\/uploads\/2024\/10\/IMG_9715-671x1024.jpeg\" alt=\"\" class=\"wp-image-10437\" style=\"width:363px;height:auto\"\/><figcaption class=\"wp-element-caption\">Uno de los poemas de \u00d3scar<\/figcaption><\/figure>\n\n\n","protected":false},"excerpt":{"rendered":"<p>\u00d3scar Garc\u00eda Fern\u00e1ndez siempre renaci\u00f3 que tuvo una buena infancia, sobre todo cuando se dedicaba a recorrer aquellas calles en las que paseaba Clar\u00edn, que \u00e9l no lleg\u00f3 a conocer aunque sus padres s\u00ed. Con tal solo 17 a\u00f1os, comienza a trabajar de fogonero en la popular m\u00e1quina que iba desde Penon, en Mieres, hasta [&hellip;]<\/p>\n","protected":false},"author":277,"featured_media":10440,"comment_status":"closed","ping_status":"closed","sticky":false,"template":"","format":"standard","meta":{"_et_pb_use_builder":"","_et_pb_old_content":"","_et_gb_content_width":"","footnotes":""},"categories":[81,46,38],"tags":[],"class_list":["post-10383","post","type-post","status-publish","format-standard","has-post-thumbnail","hentry","category-filosofia-2024-25","category-hojas-de-registro","category-memoria-historica"],"_links":{"self":[{"href":"https:\/\/investiga.puenteromano.net\/index.php\/wp-json\/wp\/v2\/posts\/10383","targetHints":{"allow":["GET"]}}],"collection":[{"href":"https:\/\/investiga.puenteromano.net\/index.php\/wp-json\/wp\/v2\/posts"}],"about":[{"href":"https:\/\/investiga.puenteromano.net\/index.php\/wp-json\/wp\/v2\/types\/post"}],"author":[{"embeddable":true,"href":"https:\/\/investiga.puenteromano.net\/index.php\/wp-json\/wp\/v2\/users\/277"}],"replies":[{"embeddable":true,"href":"https:\/\/investiga.puenteromano.net\/index.php\/wp-json\/wp\/v2\/comments?post=10383"}],"version-history":[{"count":4,"href":"https:\/\/investiga.puenteromano.net\/index.php\/wp-json\/wp\/v2\/posts\/10383\/revisions"}],"predecessor-version":[{"id":10463,"href":"https:\/\/investiga.puenteromano.net\/index.php\/wp-json\/wp\/v2\/posts\/10383\/revisions\/10463"}],"wp:featuredmedia":[{"embeddable":true,"href":"https:\/\/investiga.puenteromano.net\/index.php\/wp-json\/wp\/v2\/media\/10440"}],"wp:attachment":[{"href":"https:\/\/investiga.puenteromano.net\/index.php\/wp-json\/wp\/v2\/media?parent=10383"}],"wp:term":[{"taxonomy":"category","embeddable":true,"href":"https:\/\/investiga.puenteromano.net\/index.php\/wp-json\/wp\/v2\/categories?post=10383"},{"taxonomy":"post_tag","embeddable":true,"href":"https:\/\/investiga.puenteromano.net\/index.php\/wp-json\/wp\/v2\/tags?post=10383"}],"curies":[{"name":"wp","href":"https:\/\/api.w.org\/{rel}","templated":true}]}}