{"id":10236,"date":"2024-10-21T19:45:47","date_gmt":"2024-10-21T17:45:47","guid":{"rendered":"https:\/\/investiga.puenteromano.net\/?p=10236"},"modified":"2024-10-22T19:41:18","modified_gmt":"2024-10-22T17:41:18","slug":"casa-delfin","status":"publish","type":"post","link":"https:\/\/investiga.puenteromano.net\/index.php\/2024\/10\/21\/casa-delfin\/","title":{"rendered":"Casa Delf\u00edn"},"content":{"rendered":"\n<ul class=\"wp-block-list\">\n<li><strong>Identificaci\u00f3n del recurso:<\/strong> Casa familiar y antiguo comercio mixto.<\/li>\n\n\n\n<li><strong>Localizaci\u00f3n:<\/strong> San Juan de Bele\u00f1o, Ponga, Asturias.<\/li>\n\n\n\n<li><strong>Estado de conservaci\u00f3n:<\/strong> Bueno.<\/li>\n\n\n\n<li><strong>Informadores:<\/strong> Josefa Rivero Collado, abuela materna de la autora, Gonzalo Guti\u00e9rrez Rivero y Luis Miguel Guti\u00e9rrez Rivero, t\u00edos maternos de la autora y Susana Guti\u00e9rrez Rivero, madre de la autora.<\/li>\n\n\n\n<li><strong>Autora:<\/strong> Paula Gonz\u00e1lez Guti\u00e9rrez.<\/li>\n\n\n\n<li><strong>Profesor:<\/strong> Gonzalo Barrena Diez.<\/li>\n\n\n\n<li><strong>Curso:<\/strong> BC1A 2024\/25.<\/li>\n<\/ul>\n\n\n\n<p><strong>Paula Gonz\u00e1lez Guti\u00e9rrez<\/strong>. Inicialmente fue construida para hacer un llagar de sidra, cuyo nombre iba a ser el de \u201c<em>Los ponguetos<\/em>\u201d. Su propietario era conocido como Don Venancio, un vecino que tambi\u00e9n era el due\u00f1o de la \u00abf\u00e1brica\u00bb de luz. Reci\u00e9n terminada la obra y pese a no tener clara su finalidad, decidi\u00f3 que ya no iba a ser un llagar.<\/p>\n\n\n\n<p>Durante la construcci\u00f3n de la casa, aparece el protagonista de nuestra historia, un hombre llamado Delf\u00edn, originario de Luena, un pueblo en Cantabria. Trabajaba como cantero y, a un tiempo, contratista de obra, y a pesar de ser c\u00e1ntabro, era conocedor de la zona, pues ya hab\u00eda trabajado en diferentes viviendas de San Juan, incluida la suya. Pensando que a esa casa iba a poder sacarle mucho provecho, la compr\u00f3.<\/p>\n\n\n\n<p>Una vez instalados Delf\u00edn y su familia en la casa, reformaron los dos pisos de arriba para convertirlos en una pensi\u00f3n. La resultante, con 12 habitaciones, 2 aseos y 1 ba\u00f1o, se nombr\u00f3 \u201c<em>Pensi\u00f3n Cazoli<\/em>\u201d (una majada en el puerto de Bele\u00f1o). Pero finalmente el nombre no convenci\u00f3, as\u00ed que en 1931 pas\u00f3 a llamarse \u201c<strong><em>Casa<\/em><\/strong> <strong><em>Delf\u00edn<\/em><\/strong>\u201d.<\/p>\n\n\n\n<figure class=\"wp-block-gallery has-nested-images columns-default is-cropped wp-block-gallery-1 is-layout-flex wp-block-gallery-is-layout-flex\"><div class=\"wp-block-image\">\n<figure class=\"aligncenter size-large\"><img decoding=\"async\" data-id=\"10707\" src=\"https:\/\/investiga.puenteromano.net\/wp-content\/uploads\/2024\/10\/01f963f4-15f0-4f17-9b43-ac2322c1169d.jpeg\" alt=\"\" class=\"wp-image-10707\"\/><figcaption class=\"wp-element-caption\">Delf\u00edn y toda su familia en la Casa<br><\/figcaption><\/figure>\n<\/div><\/figure>\n\n\n\n<p>En los siguientes a\u00f1os, Delf\u00edn realiz\u00f3 varias obras. Primeramente trabaj\u00f3 en el ala de la casa, donde acabaron aloj\u00e1ndose con el tiempo varios negocios. El primero fue el bar, despu\u00e9s la Caja de Ahorros para los vecinos del pueblo y alrededores, y una central telef\u00f3nica con un terminal p\u00fablico de pago por uso. En la planta baja hab\u00eda una sifoner\u00eda y un garaje con espacio para dos camiones, tambi\u00e9n pertenecientes a Delf\u00edn.<\/p>\n\n\n\n<p>Sin embargo, lo m\u00e1s importante era la tienda; en ella pod\u00edas encontrar de todo: era ferreter\u00eda, tienda de ultramarinos, mercer\u00eda, papeler\u00eda, jugueter\u00eda\u2026 Por aquel entonces, en Casa Delf\u00edn nunca hab\u00eda silencio. Todos los d\u00edas se o\u00edan las largas conversaciones de los vecinos hablando por aquel tel\u00e9fono, el murmullo de los paisanos en el bar, el traj\u00edn en la oficina de ahorros&#8230; sin mencionar la etapa de verano, pues en la terraza delantera de la casa resonaban las obras de teatro y los bailes, que hac\u00edan retumbar el suelo.<\/p>\n\n\n\n<p>La Casa daba trabajo de sobra para toda la familia y m\u00e1s, ya fuera dentro del local, como repartiendo las compras por los pueblos cercanos, o incluso como carteros, pues tambi\u00e9n operaba como central de paqueter\u00eda para los pueblos.<\/p>\n\n\n\n<figure class=\"wp-block-image size-large is-resized\"><img loading=\"lazy\" decoding=\"async\" width=\"1024\" height=\"678\" src=\"https:\/\/investiga.puenteromano.net\/wp-content\/uploads\/2024\/10\/IMG_4952-1024x678.jpeg\" alt=\"\" class=\"wp-image-10708\" style=\"width:443px;height:auto\" srcset=\"https:\/\/investiga.puenteromano.net\/wp-content\/uploads\/2024\/10\/IMG_4952-980x649.jpeg 980w, https:\/\/investiga.puenteromano.net\/wp-content\/uploads\/2024\/10\/IMG_4952-480x318.jpeg 480w\" sizes=\"auto, (min-width: 0px) and (max-width: 480px) 480px, (min-width: 481px) and (max-width: 980px) 980px, (min-width: 981px) 1024px, 100vw\" \/><figcaption class=\"wp-element-caption\">La madre de la autora trabajando en el bar.<\/figcaption><\/figure>\n\n\n\n<p>Tristemente, cuando los hijos de Delf\u00edn, como la mayor\u00eda de los vecinos, emigraron a entornos urbanos, buena parte de los negocios se vieron abocados a cerrar. \u00danicamente sigui\u00f3 en funcionamiento la pensi\u00f3n.<\/p>\n\n\n\n<p>Tras el fallecimiento de Delf\u00edn, la casa fue heredada por mi abuelo Miguel, quien procur\u00f3 mantener el mismo aspecto que tuvo durante su apogeo. Del conjunto, actualmente se conserva en un buen estado la vivienda familiar, la pensi\u00f3n, el bar, algunos sifones y los dos camiones de mi bisabuelo.<\/p>\n\n\n\n<p>Para terminar, me gustar\u00eda agradecer a mi familia por su ayuda y por los momentos compartidos durante esta peque\u00f1a investigaci\u00f3n; y sobretodo quiero darle las gracias a mi abuela, que a pesar de sus 88 a\u00f1os -que no pasan en balde- siempre est\u00e1 para lo que necesitamos.<\/p>\n","protected":false},"excerpt":{"rendered":"<p>Paula Gonz\u00e1lez Guti\u00e9rrez. Inicialmente fue construida para hacer un llagar de sidra, cuyo nombre iba a ser el de \u201cLos ponguetos\u201d. Su propietario era conocido como Don Venancio, un vecino que tambi\u00e9n era el due\u00f1o de la \u00abf\u00e1brica\u00bb de luz. Reci\u00e9n terminada la obra y pese a no tener clara su finalidad, decidi\u00f3 que ya [&hellip;]<\/p>\n","protected":false},"author":271,"featured_media":10706,"comment_status":"closed","ping_status":"closed","sticky":false,"template":"","format":"standard","meta":{"_et_pb_use_builder":"off","_et_pb_old_content":"<!-- wp:list -->\n<ul class=\"wp-block-list\"><!-- wp:list-item -->\n<li><strong>Identificaci\u00f3n del recurso:<\/strong> Casa familiar.<\/li>\n<!-- \/wp:list-item -->\n\n<!-- wp:list-item -->\n<li><strong>Localizaci\u00f3n:<\/strong> San Juan de Bele\u00f1o, Ponga, Asturias.<\/li>\n<!-- \/wp:list-item -->\n\n<!-- wp:list-item -->\n<li><strong>Estado de conservaci\u00f3n:<\/strong> Bueno.<\/li>\n<!-- \/wp:list-item -->\n\n<!-- wp:list-item -->\n<li><strong>Informadores:<\/strong> Josefa Rivero Collado, abuela materna de la autora, Gonzalo Guti\u00e9rrez Rivero y Luis Miguel Guti\u00e9rrez Rivero, t\u00edos maternos de la autora y Susana Guti\u00e9rrez Rivero, madre de la autora.<\/li>\n<!-- \/wp:list-item -->\n\n<!-- wp:list-item -->\n<li><strong>Autora:<\/strong> Paula Gonz\u00e1lez Guti\u00e9rrez.<\/li>\n<!-- \/wp:list-item -->\n\n<!-- wp:list-item -->\n<li><strong>Profesor:<\/strong> Gonzalo Barrena Diez.<\/li>\n<!-- \/wp:list-item -->\n\n<!-- wp:list-item -->\n<li><strong>Curso:<\/strong> BC1A 2024\/25.<\/li>\n<!-- \/wp:list-item --><\/ul>\n<!-- \/wp:list -->\n\n<!-- wp:paragraph -->\n<p><strong>Paula Gonz\u00e1lez Guti\u00e9rrez<\/strong>. Originalmente fue construida para hacer un llagar de sidra, cuyo nombre iba a ser \u201c<em>Los ponguetos<\/em>\u201d. Su propietario era Don Venancio, un vecino que a su vez era el due\u00f1o de la central de luz. Reci\u00e9n terminada la obra y pese a no tener clara su finalidad, decidi\u00f3 que ya no iba a ser un llagar.<\/p>\n<!-- \/wp:paragraph -->\n\n<!-- wp:paragraph -->\n<p>Durante la construcci\u00f3n de la casa, aparece el protagonista de nuestra historia. Un hombre llamado Delf\u00edn, originario de Luena, un pueblo en Cantabria. Trabajaba de canterano y contratista de obra, y en ese momento estaba trabajando en este inmueble. A pesar de ser c\u00e1ntabro, ya conoc\u00eda la zona, puesto que anteriormente hab\u00eda estado trabajando en diferentes viviendas de San Juan, incluida la suya; pero pens\u00f3 que a esa casa iba a poder sacarle mucho provecho, y as\u00ed fue que la compr\u00f3.<\/p>\n<!-- \/wp:paragraph -->\n\n<!-- wp:paragraph -->\n<p>Apenas instalados Delf\u00edn y su familia en la casa, reformaron los dos pisos de arriba para convertirlos en una pensi\u00f3n, con 12 habitaciones, 2 aseos y 1 ba\u00f1o; y la nombr\u00f3 \u201c<em>Pensi\u00f3n Cazoli<\/em>\u201d (Cazoli era un puerto de ganado cerca de San Juan de Bele\u00f1o). Pero al parecer no le convenc\u00eda ese nombre, as\u00ed que en 1931 pas\u00f3 a llamarse \u201c<strong><em>Casa<\/em><\/strong> <strong><em>Delf\u00edn<\/em><\/strong>\u201d.<\/p>\n<!-- \/wp:paragraph -->\n\n<!-- wp:gallery {\"linkTo\":\"none\"} -->\n<figure class=\"wp-block-gallery has-nested-images columns-default is-cropped\"><!-- wp:image {\"id\":10707,\"sizeSlug\":\"large\",\"linkDestination\":\"none\",\"align\":\"center\"} -->\n<figure class=\"wp-block-image aligncenter size-large\"><img src=\"https:\/\/investiga.puenteromano.net\/wp-content\/uploads\/2024\/10\/01f963f4-15f0-4f17-9b43-ac2322c1169d.jpeg\" alt=\"\" class=\"wp-image-10707\" \/><figcaption class=\"wp-element-caption\">Delf\u00edn y toda su familia en Casa Delf\u00edn.<br><\/figcaption><\/figure>\n<!-- \/wp:image --><\/figure>\n<!-- \/wp:gallery -->\n\n<!-- wp:paragraph -->\n<p>En los siguientes a\u00f1os, Delf\u00edn hizo varias obras. Lo primero en lo que trabaj\u00f3 fue en el ala de la casa, en la cual una vez finalizada, mont\u00f3 varios negocios. El primero fue el bar, despu\u00e9s la caja de ahorros, para los vecinos del pueblo y alrededores, una central telef\u00f3nica en la que hab\u00eda un tel\u00e9fono com\u00fan para todos los habitantes, cuya traba era que deb\u00edas pagar para poder utilizarlo. En la planta baja hab\u00eda una sifoner\u00eda y un garaje con dos camiones pertenecientes a Delf\u00edn tambi\u00e9n.<\/p>\n<!-- \/wp:paragraph -->\n\n<!-- wp:paragraph -->\n<p>Sin embargo, lo m\u00e1s importante era la tienda, en ella pod\u00edas encontrar de todo; era una ferreter\u00eda, tienda de ultramarinos, mercer\u00eda, papeler\u00eda, jugueter\u00eda\u2026<\/p>\n<!-- \/wp:paragraph -->\n\n<!-- wp:paragraph -->\n<p>Por aquel entonces, dentro de Casa Delf\u00edn nunca hab\u00eda silencio, todos los d\u00edas se o\u00edan las largas conversaciones de los vecinos hablando por aquel tel\u00e9fono, el murmullo de los se\u00f1ores en el bar, el traj\u00edn en la cuenta de ahorros\u2026 Adem\u00e1s durante el verano, en la terraza delantera de la casa, pod\u00edas ver las obras de teatro y los bailes que hac\u00edan retumbar el suelo.<\/p>\n<!-- \/wp:paragraph -->\n\n<!-- wp:paragraph -->\n<p>Esto dio trabajo de sobra para toda la familia y m\u00e1s, ya fuera dentro de Casa Delf\u00edn, como repartiendo por los pueblos cercanos las compras o incluso a veces como carteros, ya que tambi\u00e9n era una central de paqueter\u00eda para los pueblos.<\/p>\n<!-- \/wp:paragraph -->\n\n<!-- wp:image {\"id\":10708,\"width\":\"443px\",\"height\":\"auto\",\"sizeSlug\":\"large\",\"linkDestination\":\"none\"} -->\n<figure class=\"wp-block-image size-large is-resized\"><img src=\"https:\/\/investiga.puenteromano.net\/wp-content\/uploads\/2024\/10\/IMG_4952-1024x678.jpeg\" alt=\"\" class=\"wp-image-10708\" style=\"width:443px;height:auto\" \/><figcaption class=\"wp-element-caption\">La madre de la autora trabajando en el bar.<\/figcaption><\/figure>\n<!-- \/wp:image -->\n\n<!-- wp:paragraph -->\n<p>Tristemente cuando los hijos de Delf\u00edn, y la gran mayor\u00eda de vecinos emigraron a otras zonas m\u00e1s urbanas, fueron obligados a cerrar gran parte de los negocios. Y nada m\u00e1s que sigui\u00f3 en uso la pensi\u00f3n de Casa Delf\u00edn.<\/p>\n<!-- \/wp:paragraph -->\n\n<!-- wp:paragraph -->\n<p>Tras el fallecimiento de Delf\u00edn, la casa fue heredada por mi abuelo Miguel, quien procur\u00f3 mantenerlo todo tal y como era en su apogeo.<\/p>\n<!-- \/wp:paragraph -->\n\n<!-- wp:paragraph -->\n<p>Actualmente se conserva en un buen estado, la vivienda de la familia, la pensi\u00f3n, el bar, algunos sifones y los dos camiones de mi bisabuelo.<\/p>\n<!-- \/wp:paragraph -->\n\n<!-- wp:paragraph -->\n<p>Para terminar, me gustar\u00eda agradecer a mi familia por su ayuda y los momentos compartidos durante la investigaci\u00f3n, pero sobretodo darle las gracias a mi abuela, que a pesar de tener 88 a\u00f1os y que no pasen en balde, siempre est\u00e1 para lo que necesitemos.<\/p>\n<!-- \/wp:paragraph -->","_et_gb_content_width":"793","footnotes":""},"categories":[12,60,81,46],"tags":[],"class_list":["post-10236","post","type-post","status-publish","format-standard","has-post-thumbnail","hentry","category-arquitectura","category-bares-tienda","category-filosofia-2024-25","category-hojas-de-registro"],"_links":{"self":[{"href":"https:\/\/investiga.puenteromano.net\/index.php\/wp-json\/wp\/v2\/posts\/10236","targetHints":{"allow":["GET"]}}],"collection":[{"href":"https:\/\/investiga.puenteromano.net\/index.php\/wp-json\/wp\/v2\/posts"}],"about":[{"href":"https:\/\/investiga.puenteromano.net\/index.php\/wp-json\/wp\/v2\/types\/post"}],"author":[{"embeddable":true,"href":"https:\/\/investiga.puenteromano.net\/index.php\/wp-json\/wp\/v2\/users\/271"}],"replies":[{"embeddable":true,"href":"https:\/\/investiga.puenteromano.net\/index.php\/wp-json\/wp\/v2\/comments?post=10236"}],"version-history":[{"count":11,"href":"https:\/\/investiga.puenteromano.net\/index.php\/wp-json\/wp\/v2\/posts\/10236\/revisions"}],"predecessor-version":[{"id":10860,"href":"https:\/\/investiga.puenteromano.net\/index.php\/wp-json\/wp\/v2\/posts\/10236\/revisions\/10860"}],"wp:featuredmedia":[{"embeddable":true,"href":"https:\/\/investiga.puenteromano.net\/index.php\/wp-json\/wp\/v2\/media\/10706"}],"wp:attachment":[{"href":"https:\/\/investiga.puenteromano.net\/index.php\/wp-json\/wp\/v2\/media?parent=10236"}],"wp:term":[{"taxonomy":"category","embeddable":true,"href":"https:\/\/investiga.puenteromano.net\/index.php\/wp-json\/wp\/v2\/categories?post=10236"},{"taxonomy":"post_tag","embeddable":true,"href":"https:\/\/investiga.puenteromano.net\/index.php\/wp-json\/wp\/v2\/tags?post=10236"}],"curies":[{"name":"wp","href":"https:\/\/api.w.org\/{rel}","templated":true}]}}